{"id":1003,"date":"2020-04-22T13:37:43","date_gmt":"2020-04-22T16:37:43","guid":{"rendered":"http:\/\/sinspeb.org.br\/?p=1003"},"modified":"2020-10-22T02:07:41","modified_gmt":"2020-10-22T05:07:41","slug":"covid-19-sindicato-move-acao-na-justica-para-solicitar-afastamento-dos-servidores-penitenciarios-e-policiais-penais-que-estao-em-grupo-de-risco","status":"publish","type":"post","link":"https:\/\/sinspeb.org.br\/?p=1003","title":{"rendered":"COVID-19: Sindicato move ac\u00e3o na justi\u00e7a para solicitar afastamento dos Servidores Penitenci\u00e1rios e Policiais Penais que est\u00e3o em grupo de risco"},"content":{"rendered":"<p>Segundo o Sinspeb, cerca de 40% da categoria encontra-se no grupo de risco, com servidores maiores de 60 anos e que apresentam diversas comorbidades<\/p>\n<p><img fetchpriority=\"high\" decoding=\"async\" src=\"http:\/\/sinspeb.org.br\/wp-content\/uploads\/2020\/04\/IMG-20200118-WA0001-2.jpg\" alt=\"\" width=\"640\" height=\"640\" class=\"aligncenter size-full wp-image-1004\" srcset=\"https:\/\/sinspeb.org.br\/wp-content\/uploads\/2020\/04\/IMG-20200118-WA0001-2.jpg 640w, https:\/\/sinspeb.org.br\/wp-content\/uploads\/2020\/04\/IMG-20200118-WA0001-2-150x150.jpg 150w, https:\/\/sinspeb.org.br\/wp-content\/uploads\/2020\/04\/IMG-20200118-WA0001-2-300x300.jpg 300w\" sizes=\"(max-width: 640px) 100vw, 640px\" \/><\/p>\n<p>O Sindicato dos Servidores Penitenci\u00e1rios(Sinspeb) denuncia que moveu a\u00e7\u00e3o judicial, desde o fim de mar\u00e7o, para solicitar afastamento dos servidores maiores de 60 anos e que possuem doen\u00e7as respirat\u00f3rias,\u00a0 diab\u00e9ticos,cardiopatas, gr\u00e1vidas, entre outras doen\u00e7as que aumentam a probabilidade de mortalidade pela COVID-19 e, at\u00e9 o momento, a institui\u00e7\u00e3o n\u00e3o obteve nenhum retorno\u00a0 da Seap e nem do Governo do Estado.\u00a0<\/p>\n<p>\u00a0 Dois Policiais Penais lotados em Teixeira de Freitas e na Cadeia\u00a0 P\u00fablica de Salvador j\u00e1 testaram positivo para COVID-19, al\u00e9m de uma m\u00e9dica e uma enfermeira que trabalham no Conjunto Penal Feminino e que tamb\u00e9m foram diagnosticadas com o novo coronav\u00edrus. Nesta segunda-feira(20), servidores que est\u00e3o com sintomas da COVID-19,\u00a0 lotados na Cadeia P\u00fablica de Salvador, realizaram  exames para diagn\u00f3stico do novo Coronav\u00edrus e aguardam o resultado.\u00a0\u00a0\u00a0\u00a0<\/p>\n<p> O Vice-Presidente do Sinspeb, Fernando Fernandes, destaca que o juiz ainda n\u00e3o deferiu o pedido sob a alega\u00e7\u00e3o de que o poss\u00edvel  afastamento dos servidores  poderia inviabilizar a seguran\u00e7a do sistema prisional baiano. Por isso, o judici\u00e1rio solicitou informa\u00e7\u00f5es \u00e0 Seap relativas aos servidores que encontram-se no grupo de risco e, mesmo assim, n\u00e3o conseguiu obter retorno da Secretaria de Administra\u00e7\u00e3o Penitenci\u00e1ria e Ressocializa\u00e7\u00e3o(Seap). <\/p>\n<p> &#8220;Realmente, temos um baixo efetivo. O sistema est\u00e1 operando quase que de forma autom\u00e1tica porque temos um quadro reduzido e o Estado n\u00e3o nomeia\u00a0 as\u00a0 centenas de pessoas que foram aprovadas no Concurso P\u00fablico de 2014 e que, inclusive, tem os processos transitado em julgado e n\u00e3o tem possibilidade de  recurso para o Estado. Mas a gest\u00e3o insiste em n\u00e3o cumprir a ordem judicial e em  n\u00e3o nomear os servidores que aguardam serem convocados. Por outro lado, coloca a vida dos servidores em risco.Precisamos garantir o direito dessas pessoas de terem as suas vidas resguardadas&#8221;, reivindica  o Vice-presidente do Sinspeb, Fernando Fernandes.<\/p>\n<p>O sindicalista denuncia que est\u00e1 ocorrendo uma &#8220;sonega\u00e7\u00e3o dos dados&#8221; que s\u00e3o enviados pela Seap  ao Departamento Penitenci\u00e1rio Nacional (Depen) referentes \u00e0 contamina\u00e7\u00e3o da COVID-19 nos pres\u00eddios do Estado e salienta a necessidade dos testes r\u00e1pidos  serem realizados dentro das unidades prisionais. &#8220;Estamos com uma sub-notifica\u00e7\u00e3o dos dados e, provavelmente, a realidade do sistema prisional n\u00e3o est\u00e1  representada nos dados apresentados pelo Governo do Estado.<\/p>\n<p>Ascom Sinspeb<\/p>\n","protected":false},"excerpt":{"rendered":"<p>Segundo o Sinspeb, cerca de 40% da categoria encontra-se no grupo de risco, com servidores maiores de 60 anos e<\/p>\n","protected":false},"author":1,"featured_media":0,"comment_status":"closed","ping_status":"closed","sticky":false,"template":"","format":"standard","meta":{"colormag_page_container_layout":"default_layout","colormag_page_sidebar_layout":"default_layout","footnotes":""},"categories":[46],"tags":[],"class_list":["post-1003","post","type-post","status-publish","format-standard","hentry","category-plantao-covid-19"],"_links":{"self":[{"href":"https:\/\/sinspeb.org.br\/index.php?rest_route=\/wp\/v2\/posts\/1003","targetHints":{"allow":["GET"]}}],"collection":[{"href":"https:\/\/sinspeb.org.br\/index.php?rest_route=\/wp\/v2\/posts"}],"about":[{"href":"https:\/\/sinspeb.org.br\/index.php?rest_route=\/wp\/v2\/types\/post"}],"author":[{"embeddable":true,"href":"https:\/\/sinspeb.org.br\/index.php?rest_route=\/wp\/v2\/users\/1"}],"replies":[{"embeddable":true,"href":"https:\/\/sinspeb.org.br\/index.php?rest_route=%2Fwp%2Fv2%2Fcomments&post=1003"}],"version-history":[{"count":3,"href":"https:\/\/sinspeb.org.br\/index.php?rest_route=\/wp\/v2\/posts\/1003\/revisions"}],"predecessor-version":[{"id":1007,"href":"https:\/\/sinspeb.org.br\/index.php?rest_route=\/wp\/v2\/posts\/1003\/revisions\/1007"}],"wp:attachment":[{"href":"https:\/\/sinspeb.org.br\/index.php?rest_route=%2Fwp%2Fv2%2Fmedia&parent=1003"}],"wp:term":[{"taxonomy":"category","embeddable":true,"href":"https:\/\/sinspeb.org.br\/index.php?rest_route=%2Fwp%2Fv2%2Fcategories&post=1003"},{"taxonomy":"post_tag","embeddable":true,"href":"https:\/\/sinspeb.org.br\/index.php?rest_route=%2Fwp%2Fv2%2Ftags&post=1003"}],"curies":[{"name":"wp","href":"https:\/\/api.w.org\/{rel}","templated":true}]}}