{"id":1008,"date":"2020-04-23T19:08:21","date_gmt":"2020-04-23T22:08:21","guid":{"rendered":"http:\/\/sinspeb.org.br\/?p=1008"},"modified":"2020-10-22T02:07:31","modified_gmt":"2020-10-22T05:07:31","slug":"covid-19sindicato-solicita-a-seap-em-carater-de-urgencia-realizacao-dos-testes-de-diagnostico-do-coronavirus-nas-unidades-prisionais-baianas","status":"publish","type":"post","link":"https:\/\/sinspeb.org.br\/?p=1008","title":{"rendered":"COVID-19:Sindicato solicita \u00e0 Seap &#8220;em car\u00e1ter de urg\u00eancia&#8221; realiza\u00e7\u00e3o dos testes de diagn\u00f3stico do coronav\u00edrus nas unidades prisionais baianas"},"content":{"rendered":"<p>O Sindicato dos Servidores Penitenci\u00e1rios(Sinspeb) alerta que a testagem dos servidores apresenta-se como medida fundamental para &#8220;evitar um futuro colapso do sistema prisional do Estado&#8221;<\/p>\n<p><img fetchpriority=\"high\" decoding=\"async\" src=\"http:\/\/sinspeb.org.br\/wp-content\/uploads\/2020\/04\/IMG-20200118-WA0001-2-1.jpg\" alt=\"\" width=\"640\" height=\"640\" class=\"aligncenter size-full wp-image-1009\" srcset=\"https:\/\/sinspeb.org.br\/wp-content\/uploads\/2020\/04\/IMG-20200118-WA0001-2-1.jpg 640w, https:\/\/sinspeb.org.br\/wp-content\/uploads\/2020\/04\/IMG-20200118-WA0001-2-1-150x150.jpg 150w, https:\/\/sinspeb.org.br\/wp-content\/uploads\/2020\/04\/IMG-20200118-WA0001-2-1-300x300.jpg 300w\" sizes=\"(max-width: 640px) 100vw, 640px\" \/><\/p>\n<p>Com o objetivo de prevenir as unidades prisionais do Estado de uma poss\u00edvel prolifera\u00e7\u00e3o da COVID-19, o Sindicato dos Servidores Penitenci\u00e1rios ( Sinspeb) protocolou of\u00edcio de n\u00b0042\/2020,nesta semana, para solicitar \u00e0 Seap a realiza\u00e7\u00e3o dos testes de diagn\u00f3stico do novo coronav\u00edrus, em car\u00e1ter de urg\u00eancia, no Conjunto Penal de Teixeira de Freitas, na Cadeia P\u00fablica de Salvador e na Central M\u00e9dica Penitenci\u00e1ria e, posteriormente, nas demais unidades do Estado, para garantir a prote\u00e7\u00e3o dos servidores e detentos. <\/p>\n<p>Dois Policiais Penais lotados em Teixeira de Freitas e na Cadeia  P\u00fablica de Salvador, respectivamente, j\u00e1 testaram positivo para COVID-19, al\u00e9m de uma m\u00e9dica e uma enfermeira que trabalham no Conjunto Penal Feminino e que tamb\u00e9m foram diagnosticadas com o novo coronav\u00edrus. &#8220;Considerando a possibilidade de uma contamina\u00e7\u00e3o pela COVID-19 em larga escala no sistema prisional baiano entre os presos, entre os presos e os profissionais do sistema  penitenci\u00e1rio e entre os pr\u00f3prios servidores, gerando um colapso no sistema prisional baiano, principalmente, no que tange \u00e0 presta\u00e7\u00e3o de servi\u00e7o aos presos,<br \/>\nsolicitamos que o ilustre Secret\u00e1rio de Administra\u00e7\u00e3o Penitenci\u00e1ria e Ressocializa\u00e7\u00e3o determine a testagem de todos os servidores urgentemente&#8221;, destaca o sindicato em of\u00edcio protocolado,  junto \u00e0 Secretaria de Administra\u00e7\u00e3o  Penitenci\u00e1ria e Ressocializa\u00e7\u00e3o(Seap).<\/p>\n<p>Ascom Sinspeb<\/p>\n","protected":false},"excerpt":{"rendered":"<p>O Sindicato dos Servidores Penitenci\u00e1rios(Sinspeb) alerta que a testagem dos servidores apresenta-se como medida fundamental para &#8220;evitar um futuro colapso<\/p>\n","protected":false},"author":1,"featured_media":0,"comment_status":"closed","ping_status":"closed","sticky":false,"template":"","format":"standard","meta":{"colormag_page_container_layout":"default_layout","colormag_page_sidebar_layout":"default_layout","footnotes":""},"categories":[46],"tags":[],"class_list":["post-1008","post","type-post","status-publish","format-standard","hentry","category-plantao-covid-19"],"_links":{"self":[{"href":"https:\/\/sinspeb.org.br\/index.php?rest_route=\/wp\/v2\/posts\/1008","targetHints":{"allow":["GET"]}}],"collection":[{"href":"https:\/\/sinspeb.org.br\/index.php?rest_route=\/wp\/v2\/posts"}],"about":[{"href":"https:\/\/sinspeb.org.br\/index.php?rest_route=\/wp\/v2\/types\/post"}],"author":[{"embeddable":true,"href":"https:\/\/sinspeb.org.br\/index.php?rest_route=\/wp\/v2\/users\/1"}],"replies":[{"embeddable":true,"href":"https:\/\/sinspeb.org.br\/index.php?rest_route=%2Fwp%2Fv2%2Fcomments&post=1008"}],"version-history":[{"count":2,"href":"https:\/\/sinspeb.org.br\/index.php?rest_route=\/wp\/v2\/posts\/1008\/revisions"}],"predecessor-version":[{"id":1011,"href":"https:\/\/sinspeb.org.br\/index.php?rest_route=\/wp\/v2\/posts\/1008\/revisions\/1011"}],"wp:attachment":[{"href":"https:\/\/sinspeb.org.br\/index.php?rest_route=%2Fwp%2Fv2%2Fmedia&parent=1008"}],"wp:term":[{"taxonomy":"category","embeddable":true,"href":"https:\/\/sinspeb.org.br\/index.php?rest_route=%2Fwp%2Fv2%2Fcategories&post=1008"},{"taxonomy":"post_tag","embeddable":true,"href":"https:\/\/sinspeb.org.br\/index.php?rest_route=%2Fwp%2Fv2%2Ftags&post=1008"}],"curies":[{"name":"wp","href":"https:\/\/api.w.org\/{rel}","templated":true}]}}