{"id":1012,"date":"2020-04-24T09:24:07","date_gmt":"2020-04-24T12:24:07","guid":{"rendered":"http:\/\/sinspeb.org.br\/?p=1012"},"modified":"2020-04-24T09:24:07","modified_gmt":"2020-04-24T12:24:07","slug":"policiais-penais-frustam-tentativa-de-fuga-no-presidio-de-salvador-na-madrugada-desta-sexta-feira24","status":"publish","type":"post","link":"https:\/\/sinspeb.org.br\/?p=1012","title":{"rendered":"Policiais Penais frustam tentativa de fuga no Pres\u00eddio de Salvador na madrugada desta sexta-feira(24)"},"content":{"rendered":"<p>O Sindicato dos Servidores Penitenci\u00e1rios(Sinspeb) denuncia a precariedade estrutural das unidades e cobra abertura de Concurso P\u00fablico para aumentar o efetivo de Policiais Penais<\/p>\n<p><img fetchpriority=\"high\" decoding=\"async\" src=\"http:\/\/sinspeb.org.br\/wp-content\/uploads\/2020\/04\/IMG-20200118-WA0001-2-2.jpg\" alt=\"\" width=\"640\" height=\"640\" class=\"aligncenter size-full wp-image-1013\" srcset=\"https:\/\/sinspeb.org.br\/wp-content\/uploads\/2020\/04\/IMG-20200118-WA0001-2-2.jpg 640w, https:\/\/sinspeb.org.br\/wp-content\/uploads\/2020\/04\/IMG-20200118-WA0001-2-2-150x150.jpg 150w, https:\/\/sinspeb.org.br\/wp-content\/uploads\/2020\/04\/IMG-20200118-WA0001-2-2-300x300.jpg 300w\" sizes=\"(max-width: 640px) 100vw, 640px\" \/><\/p>\n<p>Dois detentos romperam a porta da cela j\u00e1 degradada pela ferrugem e estavam no p\u00e1tio do pavilh\u00e3o j\u00e1 com os len\u00e7\u00f3is que seriam utilizados para confec\u00e7\u00e3o da Teresa (corda) que seria utilizada durante a fuga. Os Policiais Penais que estavam de plant\u00e3o conseguiram agir rapidamente e frustraram a fuga na unidade prisional.<\/p>\n<p>O Sindicato dos Servidores Penitenci\u00e1rios cobra do Governo do Estado maior investimento em equipamentos tecnol\u00f3gicos que s\u00e3o indispens\u00e1veis \u00e0 vigil\u00e2ncia do sistema prisional como o monitoramento por c\u00e2mera e bloqueadores de celulares que tem a fun\u00e7\u00e3o de impedir a comunica\u00e7\u00e3o dos apenados com o mundo exterior.<\/p>\n<p>O presidente do Sinspeb, Reivon Pimentel,  ressalta a necessidade de abertura de Concurso P\u00fablico para ampliar o quadro de Policiais Penais e de Servidores Penitenci\u00e1rios que atuam nos pres\u00eddios baianos. \u201cTemos uma quantidade \u00ednfima de servidores que trabalham no pres\u00eddios do Estado. Precisamos refor\u00e7ar e ampliar o nosso efetivo em car\u00e1ter de urg\u00eancia\u201d, reivindica Reivon Pimentel.<\/p>\n<p>Ascom Sinspeb<\/p>\n","protected":false},"excerpt":{"rendered":"<p>O Sindicato dos Servidores Penitenci\u00e1rios(Sinspeb) denuncia a precariedade estrutural das unidades e cobra abertura de Concurso P\u00fablico para aumentar o<\/p>\n","protected":false},"author":1,"featured_media":0,"comment_status":"open","ping_status":"open","sticky":false,"template":"","format":"standard","meta":{"colormag_page_container_layout":"default_layout","colormag_page_sidebar_layout":"default_layout","footnotes":""},"categories":[1],"tags":[],"class_list":["post-1012","post","type-post","status-publish","format-standard","hentry","category-noticias"],"_links":{"self":[{"href":"https:\/\/sinspeb.org.br\/index.php?rest_route=\/wp\/v2\/posts\/1012","targetHints":{"allow":["GET"]}}],"collection":[{"href":"https:\/\/sinspeb.org.br\/index.php?rest_route=\/wp\/v2\/posts"}],"about":[{"href":"https:\/\/sinspeb.org.br\/index.php?rest_route=\/wp\/v2\/types\/post"}],"author":[{"embeddable":true,"href":"https:\/\/sinspeb.org.br\/index.php?rest_route=\/wp\/v2\/users\/1"}],"replies":[{"embeddable":true,"href":"https:\/\/sinspeb.org.br\/index.php?rest_route=%2Fwp%2Fv2%2Fcomments&post=1012"}],"version-history":[{"count":1,"href":"https:\/\/sinspeb.org.br\/index.php?rest_route=\/wp\/v2\/posts\/1012\/revisions"}],"predecessor-version":[{"id":1014,"href":"https:\/\/sinspeb.org.br\/index.php?rest_route=\/wp\/v2\/posts\/1012\/revisions\/1014"}],"wp:attachment":[{"href":"https:\/\/sinspeb.org.br\/index.php?rest_route=%2Fwp%2Fv2%2Fmedia&parent=1012"}],"wp:term":[{"taxonomy":"category","embeddable":true,"href":"https:\/\/sinspeb.org.br\/index.php?rest_route=%2Fwp%2Fv2%2Fcategories&post=1012"},{"taxonomy":"post_tag","embeddable":true,"href":"https:\/\/sinspeb.org.br\/index.php?rest_route=%2Fwp%2Fv2%2Ftags&post=1012"}],"curies":[{"name":"wp","href":"https:\/\/api.w.org\/{rel}","templated":true}]}}