{"id":1021,"date":"2020-04-28T10:00:00","date_gmt":"2020-04-28T13:00:00","guid":{"rendered":"http:\/\/sinspeb.org.br\/?p=1021"},"modified":"2020-10-22T02:07:18","modified_gmt":"2020-10-22T05:07:18","slug":"covid-19-policiais-penais-realizam-doacao-de-cestas-basicas-nesta-quarta-feira29","status":"publish","type":"post","link":"https:\/\/sinspeb.org.br\/?p=1021","title":{"rendered":"COVID-19 : Policiais Penais realizam doa\u00e7\u00e3o de cestas b\u00e1sicas nesta quarta-feira(29)"},"content":{"rendered":"<p><img fetchpriority=\"high\" decoding=\"async\" src=\"http:\/\/sinspeb.org.br\/wp-content\/uploads\/2020\/04\/IMG-20200118-WA0001-2-4.jpg\" alt=\"\" width=\"640\" height=\"640\" class=\"aligncenter size-full wp-image-1022\" srcset=\"https:\/\/sinspeb.org.br\/wp-content\/uploads\/2020\/04\/IMG-20200118-WA0001-2-4.jpg 640w, https:\/\/sinspeb.org.br\/wp-content\/uploads\/2020\/04\/IMG-20200118-WA0001-2-4-150x150.jpg 150w, https:\/\/sinspeb.org.br\/wp-content\/uploads\/2020\/04\/IMG-20200118-WA0001-2-4-300x300.jpg 300w\" sizes=\"(max-width: 640px) 100vw, 640px\" \/><\/p>\n<p>Idealizada por policiais penais do Pres\u00eddio de Salvador e em decorr\u00eancia do quadro de vulnerabilidade social agravado pela pandemia do novo coronav\u00edrus, Policiais Penais da capital ir\u00e3o doar cestas b\u00e1sicas, nesta quarta-feira(29), a partir das 8h, ao abrigo de idosos &#8220;Lar Maria Luisa&#8221;, localizado na Cidade Baixa, e depois seguir\u00e3o para Lauro de Freitas onde ser\u00e3o entregues cestas b\u00e1sicas \u00e0s fam\u00edlias carentes que moram em uma comunidade  pr\u00f3xima ao Hospital Menandro de Farias.<\/p>\n<p>O Vice-presidente do Sindicato dos Servidores Penitenci\u00e1rios(Sinspeb), Fernando Fernandes, destaca que a campanha de solidariedade foi idealizada pelos Policiais Penais lotados no Pres\u00eddio de Salvador e abra\u00e7ada pelos policiais de outras unidades da capital. &#8220;Esse momento de enfrentamento ao coronav\u00edrus que estamos vivendo sensibilizou os servidores que resolveram promover a a\u00e7\u00e3o para ajudar pessoas que encontram-se em situa\u00e7\u00e3o de inseguran\u00e7a alimentar. Para al\u00e9m dos relevantes servi\u00e7os que continuam sendo prestado pelos policiais nas unidades prisionais do Estado, haja vista ser a atividade essencial de seguran\u00e7a p\u00fablica que n\u00e3o admite interrup\u00e7\u00e3o mesmo diante do grave quadro de pandemia pelo COVID-19, o sentimento de amor e solidariedade ao pr\u00f3ximo habita nos cora\u00e7\u00f5es destes servidores p\u00fablicos e, por essa raz\u00e3o,  tomaram a iniciativa de realizar essa importante a\u00e7\u00e3o&#8221;, afirma o sindicalista.<\/p>\n<p>Ascom Sinspeb <\/p>\n","protected":false},"excerpt":{"rendered":"<p>Idealizada por policiais penais do Pres\u00eddio de Salvador e em decorr\u00eancia do quadro de vulnerabilidade social agravado pela pandemia do<\/p>\n","protected":false},"author":1,"featured_media":0,"comment_status":"closed","ping_status":"closed","sticky":false,"template":"","format":"standard","meta":{"colormag_page_container_layout":"default_layout","colormag_page_sidebar_layout":"default_layout","footnotes":""},"categories":[46],"tags":[],"class_list":["post-1021","post","type-post","status-publish","format-standard","hentry","category-plantao-covid-19"],"_links":{"self":[{"href":"https:\/\/sinspeb.org.br\/index.php?rest_route=\/wp\/v2\/posts\/1021","targetHints":{"allow":["GET"]}}],"collection":[{"href":"https:\/\/sinspeb.org.br\/index.php?rest_route=\/wp\/v2\/posts"}],"about":[{"href":"https:\/\/sinspeb.org.br\/index.php?rest_route=\/wp\/v2\/types\/post"}],"author":[{"embeddable":true,"href":"https:\/\/sinspeb.org.br\/index.php?rest_route=\/wp\/v2\/users\/1"}],"replies":[{"embeddable":true,"href":"https:\/\/sinspeb.org.br\/index.php?rest_route=%2Fwp%2Fv2%2Fcomments&post=1021"}],"version-history":[{"count":1,"href":"https:\/\/sinspeb.org.br\/index.php?rest_route=\/wp\/v2\/posts\/1021\/revisions"}],"predecessor-version":[{"id":1023,"href":"https:\/\/sinspeb.org.br\/index.php?rest_route=\/wp\/v2\/posts\/1021\/revisions\/1023"}],"wp:attachment":[{"href":"https:\/\/sinspeb.org.br\/index.php?rest_route=%2Fwp%2Fv2%2Fmedia&parent=1021"}],"wp:term":[{"taxonomy":"category","embeddable":true,"href":"https:\/\/sinspeb.org.br\/index.php?rest_route=%2Fwp%2Fv2%2Fcategories&post=1021"},{"taxonomy":"post_tag","embeddable":true,"href":"https:\/\/sinspeb.org.br\/index.php?rest_route=%2Fwp%2Fv2%2Ftags&post=1021"}],"curies":[{"name":"wp","href":"https:\/\/api.w.org\/{rel}","templated":true}]}}