{"id":1024,"date":"2020-05-05T19:08:09","date_gmt":"2020-05-05T22:08:09","guid":{"rendered":"http:\/\/sinspeb.org.br\/?p=1024"},"modified":"2020-10-22T02:07:08","modified_gmt":"2020-10-22T05:07:08","slug":"covid-19-policiais-penais-realizam-campanha-corrente-do-bem-em-feira-de-santana","status":"publish","type":"post","link":"https:\/\/sinspeb.org.br\/?p=1024","title":{"rendered":"COVID-19: Policiais Penais  realizam campanha &#8220;Corrente do Bem&#8221; em Feira de Santana"},"content":{"rendered":"<p>Servidores do Conjunto Penal de Feira de Santana est\u00e3o h\u00e1 30 dias distribuindo cestas b\u00e1sicas em bairros carentes do munic\u00edpio<\/p>\n<p><img fetchpriority=\"high\" decoding=\"async\" src=\"http:\/\/sinspeb.org.br\/wp-content\/uploads\/2020\/05\/IMG-20200118-WA0001-2-1.jpg\" alt=\"\" width=\"640\" height=\"640\" class=\"aligncenter size-full wp-image-1028\" srcset=\"https:\/\/sinspeb.org.br\/wp-content\/uploads\/2020\/05\/IMG-20200118-WA0001-2-1.jpg 640w, https:\/\/sinspeb.org.br\/wp-content\/uploads\/2020\/05\/IMG-20200118-WA0001-2-1-150x150.jpg 150w, https:\/\/sinspeb.org.br\/wp-content\/uploads\/2020\/05\/IMG-20200118-WA0001-2-1-300x300.jpg 300w\" sizes=\"(max-width: 640px) 100vw, 640px\" \/><\/p>\n<p>Policiais Penais e Auxiliares Administrativos que s\u00e3o lotados no Conjunto Penal de Feira de Santana  sensibilizados com a situa\u00e7\u00e3o de vulnerabilidade social ocasionada pela pandemia do novo coronav\u00edrus resolveram  promover a campanha &#8220;Corrente do Bem&#8221; destinada a ajudar fam\u00edlias carentes do munic\u00edpio.<\/p>\n<p>Os servidores j\u00e1 doaram cestas b\u00e1sicas nos bairros Avi\u00e1rio, Rua Nova e  Campo Limpo localizados  pr\u00f3ximos ao Conjunto Penal de Feira de Santana(CPFS) e pretendem continuar com a campanha durante o per\u00edodo de isolamento social e de pandemia. <\/p>\n<p>&#8220;N\u00e3o existe um idealizador nem muito menos um organizador da campanha. \u00c9 uma idealiza\u00e7\u00e3o coletiva de todos os servidores da unidade que resolveram contribuir com as fam\u00edlias que perderam seus empregos.Infelizmente, muitas est\u00e3o nas filas dos supermercados pedindo ajuda para tentar garantir a alimenta\u00e7\u00e3o familiar e n\u00f3s enquanto servidores temos que ter o compromisso com a sociedade&#8221;, pontua o Policial Penal Fabr\u00edcio Amorim, lotado no Conjunto Penal de Feira de Santana.<\/p>\n<p>Ascom Sinspeb<\/p>\n","protected":false},"excerpt":{"rendered":"<p>Servidores do Conjunto Penal de Feira de Santana est\u00e3o h\u00e1 30 dias distribuindo cestas b\u00e1sicas em bairros carentes do munic\u00edpio<\/p>\n","protected":false},"author":1,"featured_media":0,"comment_status":"closed","ping_status":"closed","sticky":false,"template":"","format":"standard","meta":{"colormag_page_container_layout":"default_layout","colormag_page_sidebar_layout":"default_layout","footnotes":""},"categories":[46],"tags":[],"class_list":["post-1024","post","type-post","status-publish","format-standard","hentry","category-plantao-covid-19"],"_links":{"self":[{"href":"https:\/\/sinspeb.org.br\/index.php?rest_route=\/wp\/v2\/posts\/1024","targetHints":{"allow":["GET"]}}],"collection":[{"href":"https:\/\/sinspeb.org.br\/index.php?rest_route=\/wp\/v2\/posts"}],"about":[{"href":"https:\/\/sinspeb.org.br\/index.php?rest_route=\/wp\/v2\/types\/post"}],"author":[{"embeddable":true,"href":"https:\/\/sinspeb.org.br\/index.php?rest_route=\/wp\/v2\/users\/1"}],"replies":[{"embeddable":true,"href":"https:\/\/sinspeb.org.br\/index.php?rest_route=%2Fwp%2Fv2%2Fcomments&post=1024"}],"version-history":[{"count":3,"href":"https:\/\/sinspeb.org.br\/index.php?rest_route=\/wp\/v2\/posts\/1024\/revisions"}],"predecessor-version":[{"id":1029,"href":"https:\/\/sinspeb.org.br\/index.php?rest_route=\/wp\/v2\/posts\/1024\/revisions\/1029"}],"wp:attachment":[{"href":"https:\/\/sinspeb.org.br\/index.php?rest_route=%2Fwp%2Fv2%2Fmedia&parent=1024"}],"wp:term":[{"taxonomy":"category","embeddable":true,"href":"https:\/\/sinspeb.org.br\/index.php?rest_route=%2Fwp%2Fv2%2Fcategories&post=1024"},{"taxonomy":"post_tag","embeddable":true,"href":"https:\/\/sinspeb.org.br\/index.php?rest_route=%2Fwp%2Fv2%2Ftags&post=1024"}],"curies":[{"name":"wp","href":"https:\/\/api.w.org\/{rel}","templated":true}]}}