{"id":1031,"date":"2020-05-13T10:13:19","date_gmt":"2020-05-13T13:13:19","guid":{"rendered":"http:\/\/sinspeb.org.br\/?p=1031"},"modified":"2020-05-13T10:18:27","modified_gmt":"2020-05-13T13:18:27","slug":"sinspeb-realiza-distribuicao-de-protetores-faciais-em-unidades-prisionais-baiana","status":"publish","type":"post","link":"https:\/\/sinspeb.org.br\/?p=1031","title":{"rendered":"SINSPEB realiza distribui\u00e7\u00e3o de protetores faciais em unidades prisionais baiana"},"content":{"rendered":"<p>SINSPEB realiza distribui\u00e7\u00e3o de protetores faciais em unidades prisionais baiana<\/p>\n<p><img fetchpriority=\"high\" decoding=\"async\" src=\"http:\/\/sinspeb.org.br\/wp-content\/uploads\/2020\/05\/IMG_20200513_090236_800.jpg\" alt=\"\" width=\"960\" height=\"960\" class=\"aligncenter size-full wp-image-1032\" srcset=\"https:\/\/sinspeb.org.br\/wp-content\/uploads\/2020\/05\/IMG_20200513_090236_800.jpg 960w, https:\/\/sinspeb.org.br\/wp-content\/uploads\/2020\/05\/IMG_20200513_090236_800-150x150.jpg 150w, https:\/\/sinspeb.org.br\/wp-content\/uploads\/2020\/05\/IMG_20200513_090236_800-300x300.jpg 300w, https:\/\/sinspeb.org.br\/wp-content\/uploads\/2020\/05\/IMG_20200513_090236_800-768x768.jpg 768w\" sizes=\"(max-width: 960px) 100vw, 960px\" \/><\/p>\n<p>Em um momento em que todos os esfor\u00e7os precisam ser concentrados para vencermos a pandemia da Covid-19, que amedronta todo o mundo, onde precisamos somar esfor\u00e7os, solidariedade e fraternidade, divulgamos que nesta sexta-feira (08\/05), o Sindicato dos Servidores Penitenci\u00e1rios do Estado da Bahia \u2013 SINSPEB, representado pelo Presidente Reivon Pimentel, iniciou a distribui\u00e7\u00e3o de protetores faciais aos Servidores Penitenci\u00e1rios no Complexo Penitenci\u00e1rio de Salvador.<\/p>\n<p>No intuito de colaborar com as a\u00e7\u00f5es de apoio e incentivo no combate ao novo coronav\u00edrus, proteger os servidores penitenci\u00e1rios que atuam na linha de frente com pessoas privadas de liberdade \u00e9 uma de nossas miss\u00f5es, fazendo com que as possibilidades de dissemina\u00e7\u00e3o do v\u00edrus no sistema prisional sejam minimizadas cada vez mais.<\/p>\n<p><img decoding=\"async\" src=\"http:\/\/sinspeb.org.br\/wp-content\/uploads\/2020\/05\/IMG_20200513_090236_866.jpg\" alt=\"\" width=\"719\" height=\"719\" class=\"aligncenter size-full wp-image-1033\" srcset=\"https:\/\/sinspeb.org.br\/wp-content\/uploads\/2020\/05\/IMG_20200513_090236_866.jpg 719w, https:\/\/sinspeb.org.br\/wp-content\/uploads\/2020\/05\/IMG_20200513_090236_866-150x150.jpg 150w, https:\/\/sinspeb.org.br\/wp-content\/uploads\/2020\/05\/IMG_20200513_090236_866-300x300.jpg 300w\" sizes=\"(max-width: 719px) 100vw, 719px\" \/><\/p>\n<p>O Protetor Facial \u00e9 um Equipamento de Prote\u00e7\u00e3o Individual (EPI), bastante seguro, composto por viseira 100% de polipropileno e el\u00e1stico posterior, leve, at\u00f3xico, confort\u00e1vel, seu uso n\u00e3o \u00e9 limitado, poder\u00e1 sempre higienizar e reutilizar sem preocupa\u00e7\u00f5es, com a finalidade de eliminar o contato com got\u00edculas, salivas e flu\u00eddos nasais que possam atingir o rosto, o nariz, a boca e os olhos.<\/p>\n<p>A iniciativa do sindicato come\u00e7ou a tomar corpo, quando o Coordenador de Finan\u00e7as &#8211; Anderson Albuquerque, obteve de um colega da base a informa\u00e7\u00e3o que a empresa *DELLO* estava realizando uma campanha de doa\u00e7\u00e3o. Assim que tomou ci\u00eancia da campanha, encaminhou e-mail com as informa\u00e7\u00f5es solicitadas, destacando a necessidade deste tipo de EPI para os servidores penais, sendo o momento de unirmos conhecimentos e for\u00e7as para contribuir no enfrentamento do coronav\u00edrus, registrando o pedido de doa\u00e7\u00e3o. A concretiza\u00e7\u00e3o desta parceria entre a DELLO e o SINSPEB firmou-se quando recebemos com alegria a doa\u00e7\u00e3o dos 1.500 protetores faciais, logo, nosso agradecimento pelo gesto de solidariedade e empatia ao colaborar com a prote\u00e7\u00e3o dos nossos Servidores Penitenci\u00e1rios.<\/p>\n<p>&#8220;Nesse momento t\u00e3o delicado \u00e9 imprescind\u00edvel que busquemos a uni\u00e3o em prol do objetivo comum para prote\u00e7\u00e3o\/preven\u00e7\u00e3o de todos a nossa volta.&#8221;, pontuou um Diretor Adjunto sobre a a\u00e7\u00e3o do SINSPEB.<\/p>\n<div style=\"width: 640px;\" class=\"wp-video\"><!--[if lt IE 9]><script>document.createElement('video');<\/script><![endif]-->\n<video class=\"wp-video-shortcode\" id=\"video-1031-1\" width=\"640\" height=\"352\" preload=\"metadata\" controls=\"controls\"><source type=\"video\/mp4\" src=\"http:\/\/sinspeb.org.br\/wp-content\/uploads\/2020\/05\/VID-20200513-WA0005.mp4?_=1\" \/><a href=\"http:\/\/sinspeb.org.br\/wp-content\/uploads\/2020\/05\/VID-20200513-WA0005.mp4\">http:\/\/sinspeb.org.br\/wp-content\/uploads\/2020\/05\/VID-20200513-WA0005.mp4<\/a><\/video><\/div>\n<p>Todas as unidades da capital foram contempladas, assim como o Conjunto Penal de Feira de Santana, e nesta semana haver\u00e1 distribui\u00e7\u00e3o na Col\u00f4nia Penal de Sim\u00f5es Filho.<br \/>\nNo caso das unidades do interior, t\u00e3o logo, seja definido uma estrat\u00e9gia de distribui\u00e7\u00e3o, ser\u00e3o contempladas com os protetores.<\/p>\n<p>Juntos somos mais fortes no enfrentamento ao COVID-19.<\/p>\n<p>Ascom &#8211; SINSPEB<\/p>\n","protected":false},"excerpt":{"rendered":"<p>SINSPEB realiza distribui\u00e7\u00e3o de protetores faciais em unidades prisionais baiana Em um momento em que todos os esfor\u00e7os precisam ser<\/p>\n","protected":false},"author":1,"featured_media":1034,"comment_status":"open","ping_status":"open","sticky":false,"template":"","format":"standard","meta":{"colormag_page_container_layout":"default_layout","colormag_page_sidebar_layout":"default_layout","footnotes":""},"categories":[1],"tags":[],"class_list":["post-1031","post","type-post","status-publish","format-standard","has-post-thumbnail","hentry","category-noticias"],"_links":{"self":[{"href":"https:\/\/sinspeb.org.br\/index.php?rest_route=\/wp\/v2\/posts\/1031","targetHints":{"allow":["GET"]}}],"collection":[{"href":"https:\/\/sinspeb.org.br\/index.php?rest_route=\/wp\/v2\/posts"}],"about":[{"href":"https:\/\/sinspeb.org.br\/index.php?rest_route=\/wp\/v2\/types\/post"}],"author":[{"embeddable":true,"href":"https:\/\/sinspeb.org.br\/index.php?rest_route=\/wp\/v2\/users\/1"}],"replies":[{"embeddable":true,"href":"https:\/\/sinspeb.org.br\/index.php?rest_route=%2Fwp%2Fv2%2Fcomments&post=1031"}],"version-history":[{"count":3,"href":"https:\/\/sinspeb.org.br\/index.php?rest_route=\/wp\/v2\/posts\/1031\/revisions"}],"predecessor-version":[{"id":1038,"href":"https:\/\/sinspeb.org.br\/index.php?rest_route=\/wp\/v2\/posts\/1031\/revisions\/1038"}],"wp:featuredmedia":[{"embeddable":true,"href":"https:\/\/sinspeb.org.br\/index.php?rest_route=\/wp\/v2\/media\/1034"}],"wp:attachment":[{"href":"https:\/\/sinspeb.org.br\/index.php?rest_route=%2Fwp%2Fv2%2Fmedia&parent=1031"}],"wp:term":[{"taxonomy":"category","embeddable":true,"href":"https:\/\/sinspeb.org.br\/index.php?rest_route=%2Fwp%2Fv2%2Fcategories&post=1031"},{"taxonomy":"post_tag","embeddable":true,"href":"https:\/\/sinspeb.org.br\/index.php?rest_route=%2Fwp%2Fv2%2Ftags&post=1031"}],"curies":[{"name":"wp","href":"https:\/\/api.w.org\/{rel}","templated":true}]}}