{"id":1043,"date":"2020-06-06T21:49:24","date_gmt":"2020-06-07T00:49:24","guid":{"rendered":"http:\/\/sinspeb.org.br\/?p=1043"},"modified":"2020-06-06T21:49:24","modified_gmt":"2020-06-07T00:49:24","slug":"convocacao-para-assembleia-geral-extraordinaria-no-cpfs","status":"publish","type":"post","link":"https:\/\/sinspeb.org.br\/?p=1043","title":{"rendered":"Convoca\u00e7\u00e3o para Assembleia Geral Extraordin\u00e1ria no CPFS"},"content":{"rendered":"<p>Convoca\u00e7\u00e3o para Assembleia Geral Extraordin\u00e1ria no CPFS<\/p>\n<p><img fetchpriority=\"high\" decoding=\"async\" src=\"http:\/\/sinspeb.org.br\/wp-content\/uploads\/2020\/06\/IMG-20200606-WA0046-724x1024.jpg\" alt=\"\" width=\"724\" height=\"1024\" class=\"aligncenter size-large wp-image-1044\" srcset=\"https:\/\/sinspeb.org.br\/wp-content\/uploads\/2020\/06\/IMG-20200606-WA0046-724x1024.jpg 724w, https:\/\/sinspeb.org.br\/wp-content\/uploads\/2020\/06\/IMG-20200606-WA0046-212x300.jpg 212w, https:\/\/sinspeb.org.br\/wp-content\/uploads\/2020\/06\/IMG-20200606-WA0046-768x1086.jpg 768w, https:\/\/sinspeb.org.br\/wp-content\/uploads\/2020\/06\/IMG-20200606-WA0046.jpg 905w\" sizes=\"(max-width: 724px) 100vw, 724px\" \/><\/p>\n<p>O Presidente do Sindicato dos Servidores Penitenci\u00e1rios do Estado da Bahia (SINSPEB), Reivon Pimentel, no uso de suas atribui\u00e7\u00f5es estatut\u00e1rias, convoca todos os Servidores Penitenci\u00e1rios do Conjunto Penal de Feira de Santana a comparecerem na Assembleia Geral Extraordin\u00e1ria, a ser realizada na pr\u00f3xima quinta feira (11\/06), na portaria principal do CPFS, com primeira chamada \u00e0s 09hs, segunda e \u00faltima chamada \u00e0s 09:30hs.<\/p>\n<p>A participa\u00e7\u00e3o de todos os Servidores do Conjunto Penal de Feira de Santana \u00e9 de suma import\u00e2ncia, porque nessa ocasi\u00e3o ser\u00e1 discutido, apreciado e deliberado a seguinte pauta: <\/p>\n<p>\ud83d\udc49\ud83c\udffc Discuss\u00e3o sobre as condi\u00e7\u00f5es de Biosseguran\u00e7a necess\u00e1rias a cust\u00f3dia de presos diagnosticado com Convid-19 e outras doen\u00e7as infectocontagiosas.<\/p>\n<p>Participem! Fa\u00e7am valer seu direito de decidir o melhor caminho da nossa luta.<\/p>\n<p>Juntos somos mais fortes!!<\/p>\n<p>SSA, 06\/06\/2020<br \/>\nAscom &#8211; SINSPEB<\/p>\n","protected":false},"excerpt":{"rendered":"<p>Convoca\u00e7\u00e3o para Assembleia Geral Extraordin\u00e1ria no CPFS O Presidente do Sindicato dos Servidores Penitenci\u00e1rios do Estado da Bahia (SINSPEB), Reivon<\/p>\n","protected":false},"author":1,"featured_media":1044,"comment_status":"open","ping_status":"open","sticky":false,"template":"","format":"standard","meta":{"colormag_page_container_layout":"default_layout","colormag_page_sidebar_layout":"default_layout","footnotes":""},"categories":[1],"tags":[],"class_list":["post-1043","post","type-post","status-publish","format-standard","has-post-thumbnail","hentry","category-noticias"],"_links":{"self":[{"href":"https:\/\/sinspeb.org.br\/index.php?rest_route=\/wp\/v2\/posts\/1043","targetHints":{"allow":["GET"]}}],"collection":[{"href":"https:\/\/sinspeb.org.br\/index.php?rest_route=\/wp\/v2\/posts"}],"about":[{"href":"https:\/\/sinspeb.org.br\/index.php?rest_route=\/wp\/v2\/types\/post"}],"author":[{"embeddable":true,"href":"https:\/\/sinspeb.org.br\/index.php?rest_route=\/wp\/v2\/users\/1"}],"replies":[{"embeddable":true,"href":"https:\/\/sinspeb.org.br\/index.php?rest_route=%2Fwp%2Fv2%2Fcomments&post=1043"}],"version-history":[{"count":1,"href":"https:\/\/sinspeb.org.br\/index.php?rest_route=\/wp\/v2\/posts\/1043\/revisions"}],"predecessor-version":[{"id":1045,"href":"https:\/\/sinspeb.org.br\/index.php?rest_route=\/wp\/v2\/posts\/1043\/revisions\/1045"}],"wp:featuredmedia":[{"embeddable":true,"href":"https:\/\/sinspeb.org.br\/index.php?rest_route=\/wp\/v2\/media\/1044"}],"wp:attachment":[{"href":"https:\/\/sinspeb.org.br\/index.php?rest_route=%2Fwp%2Fv2%2Fmedia&parent=1043"}],"wp:term":[{"taxonomy":"category","embeddable":true,"href":"https:\/\/sinspeb.org.br\/index.php?rest_route=%2Fwp%2Fv2%2Fcategories&post=1043"},{"taxonomy":"post_tag","embeddable":true,"href":"https:\/\/sinspeb.org.br\/index.php?rest_route=%2Fwp%2Fv2%2Ftags&post=1043"}],"curies":[{"name":"wp","href":"https:\/\/api.w.org\/{rel}","templated":true}]}}