{"id":1047,"date":"2020-07-01T13:23:15","date_gmt":"2020-07-01T16:23:15","guid":{"rendered":"http:\/\/sinspeb.org.br\/?p=1047"},"modified":"2020-07-01T13:23:15","modified_gmt":"2020-07-01T16:23:15","slug":"nota-de-pesar-policial-penal-fernando-antonio-pereira-bastos","status":"publish","type":"post","link":"https:\/\/sinspeb.org.br\/?p=1047","title":{"rendered":"Nota de Pesar &#8211; Policial Penal Fernando Ant\u00f4nio Pereira Bastos"},"content":{"rendered":"<p>Nota de Pesar<\/p>\n<p>\u00c9 com extremo pesar que o Sindicato dos Servidores Penitenci\u00e1rios do Estado da Bahia (SINSPEB), informa o falecimento do Policial Penal Fernando Ant\u00f4nio Pereira Bastos (CPLC).<\/p>\n<p>O sepultamento ser\u00e1 restrito aos familiares mais pr\u00f3ximos, uma vez que por conta da pandemia do coronav\u00edrus, os sepultamentos dever\u00e3o ter o m\u00ednimo de pessoas.<\/p>\n<p>Em momento de t\u00e3o imensur\u00e1vel dor, quando as palavras pouco podem fazer para aliviar a tristeza e a consterna\u00e7\u00e3o ante perda t\u00e3o irrepar\u00e1vel, resta a prece para que os cora\u00e7\u00f5es de todos os familiares e amigos possam ser consolados pelo Criador. Que a luz e o amor divino pairem sobre a alma de quem sofre esta imensur\u00e1vel perda, e os console e lhes d\u00ea serenidade para atravessar esta tempestade.<\/p>\n<p>A Deus, pedimos tamb\u00e9m que d\u00ea ao nosso colega e amigo o merecido repouso eterno em seu reino. Muito respeitosamente, prestamos as nossas condol\u00eancias e deixamos os nossos mais sinceros p\u00easames.<\/p>\n<p>Ssa, 29.06.2020.<br \/>\nAscom &#8211; SINSPEB<\/p>\n","protected":false},"excerpt":{"rendered":"<p>Nota de Pesar \u00c9 com extremo pesar que o Sindicato dos Servidores Penitenci\u00e1rios do Estado da Bahia (SINSPEB), informa o<\/p>\n","protected":false},"author":1,"featured_media":1048,"comment_status":"open","ping_status":"open","sticky":false,"template":"","format":"standard","meta":{"colormag_page_container_layout":"default_layout","colormag_page_sidebar_layout":"default_layout","footnotes":""},"categories":[1],"tags":[],"class_list":["post-1047","post","type-post","status-publish","format-standard","has-post-thumbnail","hentry","category-noticias"],"_links":{"self":[{"href":"https:\/\/sinspeb.org.br\/index.php?rest_route=\/wp\/v2\/posts\/1047","targetHints":{"allow":["GET"]}}],"collection":[{"href":"https:\/\/sinspeb.org.br\/index.php?rest_route=\/wp\/v2\/posts"}],"about":[{"href":"https:\/\/sinspeb.org.br\/index.php?rest_route=\/wp\/v2\/types\/post"}],"author":[{"embeddable":true,"href":"https:\/\/sinspeb.org.br\/index.php?rest_route=\/wp\/v2\/users\/1"}],"replies":[{"embeddable":true,"href":"https:\/\/sinspeb.org.br\/index.php?rest_route=%2Fwp%2Fv2%2Fcomments&post=1047"}],"version-history":[{"count":1,"href":"https:\/\/sinspeb.org.br\/index.php?rest_route=\/wp\/v2\/posts\/1047\/revisions"}],"predecessor-version":[{"id":1049,"href":"https:\/\/sinspeb.org.br\/index.php?rest_route=\/wp\/v2\/posts\/1047\/revisions\/1049"}],"wp:featuredmedia":[{"embeddable":true,"href":"https:\/\/sinspeb.org.br\/index.php?rest_route=\/wp\/v2\/media\/1048"}],"wp:attachment":[{"href":"https:\/\/sinspeb.org.br\/index.php?rest_route=%2Fwp%2Fv2%2Fmedia&parent=1047"}],"wp:term":[{"taxonomy":"category","embeddable":true,"href":"https:\/\/sinspeb.org.br\/index.php?rest_route=%2Fwp%2Fv2%2Fcategories&post=1047"},{"taxonomy":"post_tag","embeddable":true,"href":"https:\/\/sinspeb.org.br\/index.php?rest_route=%2Fwp%2Fv2%2Ftags&post=1047"}],"curies":[{"name":"wp","href":"https:\/\/api.w.org\/{rel}","templated":true}]}}