{"id":1050,"date":"2020-07-01T13:26:08","date_gmt":"2020-07-01T16:26:08","guid":{"rendered":"http:\/\/sinspeb.org.br\/?p=1050"},"modified":"2020-07-01T13:26:08","modified_gmt":"2020-07-01T16:26:08","slug":"nota-de-pesar-tecnico-de-enfermagem-isas-edson-carneiro-guimaraes-junior","status":"publish","type":"post","link":"https:\/\/sinspeb.org.br\/?p=1050","title":{"rendered":"Nota de Pesar &#8211;   T\u00e9cnico de Enfermagem (ISAS) &#8211; Edson Carneiro Guimar\u00e3es J\u00fanior"},"content":{"rendered":"<p>Nota de Pesar<\/p>\n<p>\u00c9 com extremo pesar que o Sindicato dos Servidores Penitenci\u00e1rios do Estado da Bahia-SINSPEB, informa sobre o falecimento de Edson Carneiro Guimar\u00e3es J\u00fanior (T\u00e9cnico de Enfermagem do ISAS), ele trabalhava no Posto de Sa\u00fade Penitenci\u00e1rio do Conjunto Penal de Feira de Santana. Faleceu hoje v\u00edtima da COVID-19. <\/p>\n<p>Neste momento t\u00e3o dif\u00edcil fica a dor e a saudade. Saudade esta que eterniza a presen\u00e7a de quem se foi. Com o tempo a dor se aquieta, se transforma em sil\u00eancio que espera, pelos bra\u00e7os da vida um dia reencontrar a pessoa querida! <\/p>\n<p>Ssa, 30\/06\/2020<br \/>\nASCOM-SINSPEB<\/p>\n","protected":false},"excerpt":{"rendered":"<p>Nota de Pesar \u00c9 com extremo pesar que o Sindicato dos Servidores Penitenci\u00e1rios do Estado da Bahia-SINSPEB, informa sobre o<\/p>\n","protected":false},"author":1,"featured_media":1048,"comment_status":"open","ping_status":"open","sticky":false,"template":"","format":"standard","meta":{"colormag_page_container_layout":"default_layout","colormag_page_sidebar_layout":"default_layout","footnotes":""},"categories":[1],"tags":[],"class_list":["post-1050","post","type-post","status-publish","format-standard","has-post-thumbnail","hentry","category-noticias"],"_links":{"self":[{"href":"https:\/\/sinspeb.org.br\/index.php?rest_route=\/wp\/v2\/posts\/1050","targetHints":{"allow":["GET"]}}],"collection":[{"href":"https:\/\/sinspeb.org.br\/index.php?rest_route=\/wp\/v2\/posts"}],"about":[{"href":"https:\/\/sinspeb.org.br\/index.php?rest_route=\/wp\/v2\/types\/post"}],"author":[{"embeddable":true,"href":"https:\/\/sinspeb.org.br\/index.php?rest_route=\/wp\/v2\/users\/1"}],"replies":[{"embeddable":true,"href":"https:\/\/sinspeb.org.br\/index.php?rest_route=%2Fwp%2Fv2%2Fcomments&post=1050"}],"version-history":[{"count":1,"href":"https:\/\/sinspeb.org.br\/index.php?rest_route=\/wp\/v2\/posts\/1050\/revisions"}],"predecessor-version":[{"id":1051,"href":"https:\/\/sinspeb.org.br\/index.php?rest_route=\/wp\/v2\/posts\/1050\/revisions\/1051"}],"wp:featuredmedia":[{"embeddable":true,"href":"https:\/\/sinspeb.org.br\/index.php?rest_route=\/wp\/v2\/media\/1048"}],"wp:attachment":[{"href":"https:\/\/sinspeb.org.br\/index.php?rest_route=%2Fwp%2Fv2%2Fmedia&parent=1050"}],"wp:term":[{"taxonomy":"category","embeddable":true,"href":"https:\/\/sinspeb.org.br\/index.php?rest_route=%2Fwp%2Fv2%2Fcategories&post=1050"},{"taxonomy":"post_tag","embeddable":true,"href":"https:\/\/sinspeb.org.br\/index.php?rest_route=%2Fwp%2Fv2%2Ftags&post=1050"}],"curies":[{"name":"wp","href":"https:\/\/api.w.org\/{rel}","templated":true}]}}