{"id":1052,"date":"2020-07-02T20:31:08","date_gmt":"2020-07-02T23:31:08","guid":{"rendered":"http:\/\/sinspeb.org.br\/?p=1052"},"modified":"2020-10-22T17:44:43","modified_gmt":"2020-10-22T20:44:43","slug":"juiz-da-vep-determina-que-a-direcao-do-cpfs-emita-em-24hs-relatorio-esclarecendo-sobre-a-situacao-real-e-atual-na-unidade","status":"publish","type":"post","link":"https:\/\/sinspeb.org.br\/?p=1052","title":{"rendered":"Juiz da VEP determina que a Dire\u00e7\u00e3o do CPFS emita em 24hs relat\u00f3rio, esclarecendo sobre a situa\u00e7\u00e3o real e atual na Unidade"},"content":{"rendered":"<p>Juiz da VEP determina que a Dire\u00e7\u00e3o do CPFS emita em 24hs relat\u00f3rio, esclarecendo sobre a situa\u00e7\u00e3o real e atual na Unidade<\/p>\n<p>Ap\u00f3s as in\u00fameras den\u00fancias que ao longo destes \u00faltimos meses, o SINSPEB, apresentou sobre o Conjunto Penal de Feira de Santana \u00e0 SEAP (Secretaria da Administra\u00e7\u00e3o Penitenci\u00e1ria e Ressocializa\u00e7\u00e3o do Estado da Bahia) e aos demais \u00f3rg\u00e3os competentes  respons\u00e1veis pelo acompanhamento e fiscaliza\u00e7\u00e3o da Execu\u00e7\u00e3o Penal do Estado, den\u00fancias essas objetivando alertar ao poder p\u00fablico acerca das medidas preventivas recomendadas pelas autoridades sanit\u00e1rias necess\u00e1rias ao enfrentamento da pandemia da COVID-19, para que desta maneira fosse evitada a contamina\u00e7\u00e3o descontrolada no Conjunto Penal de Feira de Santana, maior estabelecimento penal do Estado da Bahia, com mais de 1.700 presos e mais de duas centenas de servidores p\u00fablicos, contratados e prestadores de servi\u00e7o a  Defensoria P\u00fablica do Estado da Bahia, bem como representantes do  Minist\u00e9rio P\u00fablico Estadual realizaram inspe\u00e7\u00e3o no referido Conjunto Penal e, em decorr\u00eancia da divulga\u00e7\u00e3o do relat\u00f3rio de inspe\u00e7\u00e3o ocorrida na imprensa e nas m\u00eddias sociais, na data de ontem (01\/07\/2020)  foi emitido pelo Merit\u00edssimo Juiz de Direito  da Vara de Execu\u00e7\u00f5es Penais de Feira de Santana, Dr. Wagner Ribeiro Rodrigues,  despacho  determinando que seja oficiada a Dire\u00e7\u00e3o do CPFS para que em 24 horas INFORME, por relat\u00f3rio detalhado, emitido em conjunto com os profissionais de sa\u00fade da unidade, especialmente Coordena\u00e7\u00e3o de Sa\u00fade, a real e atual situa\u00e7\u00e3o dos custodiados, servidores e terceirizados na unidade.<\/p>\n<p>Segundo Reivon Pimentel, Presidente do Sindicato dos Servidores Penitenci\u00e1rios do Estado da Bahia &#8211; SINSPEB, &#8220;a decis\u00e3o  Judicial foi acertad\u00edssma,  altamente pertinente e vem em um momento crucial, haja vista a neglig\u00eancia e falta de informa\u00e7\u00f5es fidedignas e oficiais  por parte da gest\u00e3o do Estabelecimento Penal, uma vez que situa\u00e7\u00e3o do CPFS \u00e9 extremamente  preocupante, visto que segundo relatos de Servidores da unidade, tanto os da seguran\u00e7a quanto aqueles que laboram no Setor de Sa\u00fade, o estabelecimento penal est\u00e1 passando por um surto da COVID-19&#8221;, afirma o sindicalista. <\/p>\n<p>*02\/07\/2020*<\/p>\n<p>*SINSPEB*<\/p>\n<p><img fetchpriority=\"high\" decoding=\"async\" src=\"http:\/\/sinspeb.org.br\/wp-content\/uploads\/2020\/07\/Screenshot_20200702-2021372-711x1024.png\" alt=\"\" width=\"711\" height=\"1024\" class=\"aligncenter size-large wp-image-1054\" srcset=\"https:\/\/sinspeb.org.br\/wp-content\/uploads\/2020\/07\/Screenshot_20200702-2021372-711x1024.png 711w, https:\/\/sinspeb.org.br\/wp-content\/uploads\/2020\/07\/Screenshot_20200702-2021372-208x300.png 208w, https:\/\/sinspeb.org.br\/wp-content\/uploads\/2020\/07\/Screenshot_20200702-2021372-768x1106.png 768w, https:\/\/sinspeb.org.br\/wp-content\/uploads\/2020\/07\/Screenshot_20200702-2021372.png 953w\" sizes=\"(max-width: 711px) 100vw, 711px\" \/><\/p>\n<p><img decoding=\"async\" src=\"http:\/\/sinspeb.org.br\/wp-content\/uploads\/2020\/07\/Screenshot_20200702-2021422-714x1024.png\" alt=\"\" width=\"714\" height=\"1024\" class=\"aligncenter size-large wp-image-1053\" srcset=\"https:\/\/sinspeb.org.br\/wp-content\/uploads\/2020\/07\/Screenshot_20200702-2021422-714x1024.png 714w, https:\/\/sinspeb.org.br\/wp-content\/uploads\/2020\/07\/Screenshot_20200702-2021422-209x300.png 209w, https:\/\/sinspeb.org.br\/wp-content\/uploads\/2020\/07\/Screenshot_20200702-2021422-768x1101.png 768w, https:\/\/sinspeb.org.br\/wp-content\/uploads\/2020\/07\/Screenshot_20200702-2021422.png 952w\" sizes=\"(max-width: 714px) 100vw, 714px\" \/><\/p>\n","protected":false},"excerpt":{"rendered":"<p>Juiz da VEP determina que a Dire\u00e7\u00e3o do CPFS emita em 24hs relat\u00f3rio, esclarecendo sobre a situa\u00e7\u00e3o real e atual<\/p>\n","protected":false},"author":1,"featured_media":1028,"comment_status":"closed","ping_status":"closed","sticky":false,"template":"","format":"standard","meta":{"colormag_page_container_layout":"default_layout","colormag_page_sidebar_layout":"default_layout","footnotes":""},"categories":[1],"tags":[],"class_list":["post-1052","post","type-post","status-publish","format-standard","has-post-thumbnail","hentry","category-noticias"],"_links":{"self":[{"href":"https:\/\/sinspeb.org.br\/index.php?rest_route=\/wp\/v2\/posts\/1052","targetHints":{"allow":["GET"]}}],"collection":[{"href":"https:\/\/sinspeb.org.br\/index.php?rest_route=\/wp\/v2\/posts"}],"about":[{"href":"https:\/\/sinspeb.org.br\/index.php?rest_route=\/wp\/v2\/types\/post"}],"author":[{"embeddable":true,"href":"https:\/\/sinspeb.org.br\/index.php?rest_route=\/wp\/v2\/users\/1"}],"replies":[{"embeddable":true,"href":"https:\/\/sinspeb.org.br\/index.php?rest_route=%2Fwp%2Fv2%2Fcomments&post=1052"}],"version-history":[{"count":2,"href":"https:\/\/sinspeb.org.br\/index.php?rest_route=\/wp\/v2\/posts\/1052\/revisions"}],"predecessor-version":[{"id":1056,"href":"https:\/\/sinspeb.org.br\/index.php?rest_route=\/wp\/v2\/posts\/1052\/revisions\/1056"}],"wp:featuredmedia":[{"embeddable":true,"href":"https:\/\/sinspeb.org.br\/index.php?rest_route=\/wp\/v2\/media\/1028"}],"wp:attachment":[{"href":"https:\/\/sinspeb.org.br\/index.php?rest_route=%2Fwp%2Fv2%2Fmedia&parent=1052"}],"wp:term":[{"taxonomy":"category","embeddable":true,"href":"https:\/\/sinspeb.org.br\/index.php?rest_route=%2Fwp%2Fv2%2Fcategories&post=1052"},{"taxonomy":"post_tag","embeddable":true,"href":"https:\/\/sinspeb.org.br\/index.php?rest_route=%2Fwp%2Fv2%2Ftags&post=1052"}],"curies":[{"name":"wp","href":"https:\/\/api.w.org\/{rel}","templated":true}]}}