{"id":1059,"date":"2020-07-07T16:46:36","date_gmt":"2020-07-07T19:46:36","guid":{"rendered":"http:\/\/sinspeb.org.br\/?p=1059"},"modified":"2020-10-22T01:59:38","modified_gmt":"2020-10-22T04:59:38","slug":"sinspeb-visita-unidades-prisionais-para-a-verificacao-das-condicoes-de-trabalho-dos-policiais-penais","status":"publish","type":"post","link":"https:\/\/sinspeb.org.br\/?p=1059","title":{"rendered":"SINSPEB visita Unidades Prisionais para a verifica\u00e7\u00e3o das condi\u00e7\u00f5es de trabalho dos Policiais Penais"},"content":{"rendered":"<p>SINSPEB visita Unidades Prisionais para a verifica\u00e7\u00e3o das condi\u00e7\u00f5es de trabalho dos Policiais Penais.<\/p>\n<p>Nos dias 05 e 06 de Julho de 2020, o Policial Penal e tamb\u00e9m Presidente do Sindicato dos Servidores Penitenci\u00e1rios do Estado da Bahia &#8211; SINSPEB, Reivon Pimentel esteve na Unidade Prisional Extraordin\u00e1ria &#8211; UPE inaugurada no dia 02\/ 07\/2020 no Complexo Penitenci\u00e1rio da Mata Escura, para verificar as condi\u00e7\u00f5es de trabalho dos Policiais Penais que est\u00e3o desempenhando as suas atividades na Unidade.<\/p>\n<p>Segundo Reivon Pimentel, &#8220;os plantonistas informaram que atualmente a unidade est\u00e1 com 10 (dez) presos cumprindo o per\u00edodo de isolamento por estarem infectados pelo CORONAV\u00cdRUS&#8221;.<\/p>\n<p>Questionados tamb\u00e9m sobre o fornecimento de EPI&#8217;s e material para higiene pessoal e desenfec\u00e7\u00e3o, os serventu\u00e1rios tamb\u00e9m informaram que os materiais est\u00e3o sendo fornecidos regularmente e que est\u00e3o de acordo com as recomenda\u00e7\u00f5es dos \u00f3rg\u00e3os de sa\u00fade.<\/p>\n<p>No dia 06\/07, o Presidente do SINSPEB conversou com o Diretor da unidade rec\u00e9m inaugurada, que confirmou a distribui\u00e7\u00e3o dos EPI&#8217;s e materiais necess\u00e1rios para prote\u00e7\u00e3o dos servidores lotados na unidade, o Diretor disse ainda que parte do material faz parte dos insumos doados pelo Departamento Penitenci\u00e1rio Nacional &#8211; DEPEN.<\/p>\n<p>Al\u00e9m da UPE, foram visitadas as seguintes Unidade: Col\u00f4nia Penal Lafayete Coutinho, Centro de Observa\u00e7\u00f5es Penais &#8211; COP, Pres\u00eddio de Salvador &#8211; PS, Cadeia P\u00fablica de Salvador &#8211; CPS, Penitenci\u00e1ria Lemos Brito &#8211; PLB, Central M\u00e9dica Penitenci\u00e1ria &#8211; CMP e Conjunto Penal Feminino &#8211; CPF. Em todas as unidades visitadas foram ouvidos relatos de que embora os materiais estejam sendo fornecidos, h\u00e1 problemas em rela\u00e7\u00e3o a qualidade, principalmente em rela\u00e7\u00e3o ao \u00e1lcool 70% que est\u00e1 sendo disponibilizado em forma l\u00edquida, n\u00e3o glicerinado ou em gel, este \u00faltimo \u00e9 o mais indicado, visto que o uso constante do \u00e1lcool l\u00edquido resseca a pele, causa rachaduras e facilita a contamina\u00e7\u00e3o por bact\u00e9rias e v\u00edrus.<\/p>\n<p>Outra reclama\u00e7\u00e3o recorrente \u00e9 em rela\u00e7\u00e3o a p\u00e9ssima qualidade das m\u00e1scaras ofertadas, principalmente as com a logomarca\/emblema da Secretaria de Administra\u00e7\u00e3o Penitenci\u00e1ria e Ressocializa\u00e7\u00e3o &#8211; SEAP, pois o material utilizado n\u00e3o resiste a mais de uma lavagem, al\u00e9m de que o tecido que parece ser sint\u00e9tico (parecido com os utilizados nas m\u00e1scaras descart\u00e1veis) \u00e9 extremamente fino, por isso n\u00e3o oferece a prote\u00e7\u00e3o adequada, sendo necess\u00e1rio a utiliza\u00e7\u00e3o de duas m\u00e1scaras. Destas m\u00e1scaras padronizadas, os servidores s\u00f3 recebem duas unidades apenas, o que n\u00e3o \u00e9 suficiente para um plant\u00e3o de 24 horas.<\/p>\n<p>Em rela\u00e7\u00e3o aos mat\u00e9rias doados pelo DEPEN, apenas no PS e na UPE houveram informa\u00e7\u00f5es sobre o recebimento de parte deles, mas precisamente as m\u00e1scaras que j\u00e1 foram distribu\u00eddas para os Servidores e Presos.<br \/>\nNo PS ainda no domingo (05\/07), estava sendo instaladas barreiras de acr\u00edlico nas mesas de atendimento do setor m\u00e9dico e Servi\u00e7o Social, isso como forma de garantir mais prote\u00e7\u00e3o aos servidores, bem como as profissionais terceirizados.<\/p>\n<p>SSA, 07\/07\/2020.<br \/>\nAscom &#8211; SINSPEB<\/p>\n","protected":false},"excerpt":{"rendered":"<p>SINSPEB visita Unidades Prisionais para a verifica\u00e7\u00e3o das condi\u00e7\u00f5es de trabalho dos Policiais Penais. Nos dias 05 e 06 de<\/p>\n","protected":false},"author":1,"featured_media":1060,"comment_status":"closed","ping_status":"closed","sticky":false,"template":"","format":"standard","meta":{"colormag_page_container_layout":"default_layout","colormag_page_sidebar_layout":"default_layout","footnotes":""},"categories":[2],"tags":[],"class_list":["post-1059","post","type-post","status-publish","format-standard","has-post-thumbnail","hentry","category-eventos"],"_links":{"self":[{"href":"https:\/\/sinspeb.org.br\/index.php?rest_route=\/wp\/v2\/posts\/1059","targetHints":{"allow":["GET"]}}],"collection":[{"href":"https:\/\/sinspeb.org.br\/index.php?rest_route=\/wp\/v2\/posts"}],"about":[{"href":"https:\/\/sinspeb.org.br\/index.php?rest_route=\/wp\/v2\/types\/post"}],"author":[{"embeddable":true,"href":"https:\/\/sinspeb.org.br\/index.php?rest_route=\/wp\/v2\/users\/1"}],"replies":[{"embeddable":true,"href":"https:\/\/sinspeb.org.br\/index.php?rest_route=%2Fwp%2Fv2%2Fcomments&post=1059"}],"version-history":[{"count":2,"href":"https:\/\/sinspeb.org.br\/index.php?rest_route=\/wp\/v2\/posts\/1059\/revisions"}],"predecessor-version":[{"id":1346,"href":"https:\/\/sinspeb.org.br\/index.php?rest_route=\/wp\/v2\/posts\/1059\/revisions\/1346"}],"wp:featuredmedia":[{"embeddable":true,"href":"https:\/\/sinspeb.org.br\/index.php?rest_route=\/wp\/v2\/media\/1060"}],"wp:attachment":[{"href":"https:\/\/sinspeb.org.br\/index.php?rest_route=%2Fwp%2Fv2%2Fmedia&parent=1059"}],"wp:term":[{"taxonomy":"category","embeddable":true,"href":"https:\/\/sinspeb.org.br\/index.php?rest_route=%2Fwp%2Fv2%2Fcategories&post=1059"},{"taxonomy":"post_tag","embeddable":true,"href":"https:\/\/sinspeb.org.br\/index.php?rest_route=%2Fwp%2Fv2%2Ftags&post=1059"}],"curies":[{"name":"wp","href":"https:\/\/api.w.org\/{rel}","templated":true}]}}