{"id":1063,"date":"2020-07-09T09:20:26","date_gmt":"2020-07-09T12:20:26","guid":{"rendered":"http:\/\/sinspeb.org.br\/?p=1063"},"modified":"2020-10-22T01:50:18","modified_gmt":"2020-10-22T04:50:18","slug":"marco-historico-sede-administrativa","status":"publish","type":"post","link":"https:\/\/sinspeb.org.br\/?p=1063","title":{"rendered":"MARCO HIST\u00d3RICO &#8211; Sede Administrativa"},"content":{"rendered":"<p>MARCO HIST\u00d3RICO<\/p>\n<p>\u00c9 com imensa satisfa\u00e7\u00e3o que a Coordena\u00e7\u00e3o do Sindicato dos Servidores Penitenci\u00e1rios do Estado da Bahia &#8211; SINSPEB, comunica a todos os seus filiados, a concretiza\u00e7\u00e3o de mais um sonho: a aquisi\u00e7\u00e3o da Sede Administrativa localizada no edif\u00edcio Luc\u00edlio Cobas, bairro da  Pituba em Salvador. <\/p>\n<p>O im\u00f3vel fica no mesmo pr\u00e9dio onde hoje funciona a sede do sindicato, hoje numa sala alugada, por\u00e9m em breve, dois andares acima, na sala 503. <\/p>\n<p>Mais um sonho se tornou realidade! Com muito compromisso, esfor\u00e7o e administra\u00e7\u00e3o comprometida com a ascens\u00e3o da categoria de servidores penitenci\u00e1rios da Bahia, a gest\u00e3o UFC tem honrado com primazia a confian\u00e7a depositada  pelos seus filiados.<br \/>\nVe\u00edculo oficial, sede recreativa e agora a sede administrativa. Vit\u00f3ria, Vit\u00f3ria, Vit\u00f3ria!!!!!<\/p>\n<p>Parab\u00e9ns SINSPEB (todos os seus filiados)!!!<\/p>\n<p>Ainda n\u00e3o acabou!  Temos muito o que conquistar em todos os aspectos.<\/p>\n<p>08\/07\/2020<\/p>\n<p>SINSPEB<\/p>\n<p><img fetchpriority=\"high\" decoding=\"async\" src=\"http:\/\/sinspeb.org.br\/wp-content\/uploads\/2020\/07\/Screenshot_20200709-0906153-1024x662.png\" alt=\"\" width=\"750\" height=\"485\" class=\"aligncenter size-large wp-image-1064\" srcset=\"https:\/\/sinspeb.org.br\/wp-content\/uploads\/2020\/07\/Screenshot_20200709-0906153-1024x662.png 1024w, https:\/\/sinspeb.org.br\/wp-content\/uploads\/2020\/07\/Screenshot_20200709-0906153-300x194.png 300w, https:\/\/sinspeb.org.br\/wp-content\/uploads\/2020\/07\/Screenshot_20200709-0906153-768x496.png 768w, https:\/\/sinspeb.org.br\/wp-content\/uploads\/2020\/07\/Screenshot_20200709-0906153.png 1671w\" sizes=\"(max-width: 750px) 100vw, 750px\" \/><\/p>\n","protected":false},"excerpt":{"rendered":"<p>MARCO HIST\u00d3RICO \u00c9 com imensa satisfa\u00e7\u00e3o que a Coordena\u00e7\u00e3o do Sindicato dos Servidores Penitenci\u00e1rios do Estado da Bahia &#8211; SINSPEB,<\/p>\n","protected":false},"author":1,"featured_media":1064,"comment_status":"closed","ping_status":"closed","sticky":false,"template":"","format":"standard","meta":{"colormag_page_container_layout":"default_layout","colormag_page_sidebar_layout":"default_layout","footnotes":""},"categories":[32],"tags":[],"class_list":["post-1063","post","type-post","status-publish","format-standard","has-post-thumbnail","hentry","category-ultimas-noticias"],"_links":{"self":[{"href":"https:\/\/sinspeb.org.br\/index.php?rest_route=\/wp\/v2\/posts\/1063","targetHints":{"allow":["GET"]}}],"collection":[{"href":"https:\/\/sinspeb.org.br\/index.php?rest_route=\/wp\/v2\/posts"}],"about":[{"href":"https:\/\/sinspeb.org.br\/index.php?rest_route=\/wp\/v2\/types\/post"}],"author":[{"embeddable":true,"href":"https:\/\/sinspeb.org.br\/index.php?rest_route=\/wp\/v2\/users\/1"}],"replies":[{"embeddable":true,"href":"https:\/\/sinspeb.org.br\/index.php?rest_route=%2Fwp%2Fv2%2Fcomments&post=1063"}],"version-history":[{"count":2,"href":"https:\/\/sinspeb.org.br\/index.php?rest_route=\/wp\/v2\/posts\/1063\/revisions"}],"predecessor-version":[{"id":1066,"href":"https:\/\/sinspeb.org.br\/index.php?rest_route=\/wp\/v2\/posts\/1063\/revisions\/1066"}],"wp:featuredmedia":[{"embeddable":true,"href":"https:\/\/sinspeb.org.br\/index.php?rest_route=\/wp\/v2\/media\/1064"}],"wp:attachment":[{"href":"https:\/\/sinspeb.org.br\/index.php?rest_route=%2Fwp%2Fv2%2Fmedia&parent=1063"}],"wp:term":[{"taxonomy":"category","embeddable":true,"href":"https:\/\/sinspeb.org.br\/index.php?rest_route=%2Fwp%2Fv2%2Fcategories&post=1063"},{"taxonomy":"post_tag","embeddable":true,"href":"https:\/\/sinspeb.org.br\/index.php?rest_route=%2Fwp%2Fv2%2Ftags&post=1063"}],"curies":[{"name":"wp","href":"https:\/\/api.w.org\/{rel}","templated":true}]}}