{"id":1067,"date":"2020-07-10T22:57:29","date_gmt":"2020-07-11T01:57:29","guid":{"rendered":"http:\/\/sinspeb.org.br\/?p=1067"},"modified":"2020-10-22T01:51:05","modified_gmt":"2020-10-22T04:51:05","slug":"pec-160-2020-proposta-de-emenda-a-constituicao-que-cria-a-policia-penal-baiana-tramita-na-alba","status":"publish","type":"post","link":"https:\/\/sinspeb.org.br\/?p=1067","title":{"rendered":"PEC 160\/2020 &#8211; Proposta de Emenda a Constitui\u00e7\u00e3o que cria a Pol\u00edcia Penal Baiana tramita na ALBA"},"content":{"rendered":"<p>O Sindicato dos Servidores Penitenci\u00e1rios do Estado da Bahia &#8211; SINSPEB, informa que a Proposta de Emenda a Constitui\u00e7\u00e3o que cria a Pol\u00edcia Penal Baiana j\u00e1 tramita na Assembleia Legislativa da Bahia. Protocolada pela Exma. Deputada Maria Del Carmen (PT\/BA), a PEC 160\/2020 estar\u00e1 sendo apreciada em breve e aprovada tornando o sonho da Pol\u00edcia Penal Baiana uma realidade. Agradecemos a nobre deputada pela recep\u00e7\u00e3o integral da minuta constru\u00edda pelo SINSPEB e conclamamos aos Policiais Penais empenho no acompanhamento desta mat\u00e9ria, solicitando aos seus deputados apoio para r\u00e1pida aprova\u00e7\u00e3o dessa proposta. <\/p>\n<p>10\/07\/2020.<\/p>\n<p>SINSPEB<\/p>\n<p><img fetchpriority=\"high\" decoding=\"async\" src=\"http:\/\/sinspeb.org.br\/wp-content\/uploads\/2020\/07\/Screenshot_20200710-2230292-706x1024.png\" alt=\"\" width=\"706\" height=\"1024\" class=\"aligncenter size-large wp-image-1070\" srcset=\"https:\/\/sinspeb.org.br\/wp-content\/uploads\/2020\/07\/Screenshot_20200710-2230292-706x1024.png 706w, https:\/\/sinspeb.org.br\/wp-content\/uploads\/2020\/07\/Screenshot_20200710-2230292-207x300.png 207w, https:\/\/sinspeb.org.br\/wp-content\/uploads\/2020\/07\/Screenshot_20200710-2230292-768x1114.png 768w, https:\/\/sinspeb.org.br\/wp-content\/uploads\/2020\/07\/Screenshot_20200710-2230292.png 943w\" sizes=\"(max-width: 706px) 100vw, 706px\" \/><\/p>\n<p><img decoding=\"async\" src=\"http:\/\/sinspeb.org.br\/wp-content\/uploads\/2020\/07\/Screenshot_20200710-2230352-708x1024.png\" alt=\"\" width=\"708\" height=\"1024\" class=\"aligncenter size-large wp-image-1069\" srcset=\"https:\/\/sinspeb.org.br\/wp-content\/uploads\/2020\/07\/Screenshot_20200710-2230352-708x1024.png 708w, https:\/\/sinspeb.org.br\/wp-content\/uploads\/2020\/07\/Screenshot_20200710-2230352-208x300.png 208w, https:\/\/sinspeb.org.br\/wp-content\/uploads\/2020\/07\/Screenshot_20200710-2230352-768x1110.png 768w, https:\/\/sinspeb.org.br\/wp-content\/uploads\/2020\/07\/Screenshot_20200710-2230352.png 934w\" sizes=\"(max-width: 708px) 100vw, 708px\" \/><\/p>\n<p><img decoding=\"async\" src=\"http:\/\/sinspeb.org.br\/wp-content\/uploads\/2020\/07\/Screenshot_20200710-2230402-711x1024.png\" alt=\"\" width=\"711\" height=\"1024\" class=\"aligncenter size-large wp-image-1071\" srcset=\"https:\/\/sinspeb.org.br\/wp-content\/uploads\/2020\/07\/Screenshot_20200710-2230402-711x1024.png 711w, https:\/\/sinspeb.org.br\/wp-content\/uploads\/2020\/07\/Screenshot_20200710-2230402-208x300.png 208w, https:\/\/sinspeb.org.br\/wp-content\/uploads\/2020\/07\/Screenshot_20200710-2230402-768x1106.png 768w, https:\/\/sinspeb.org.br\/wp-content\/uploads\/2020\/07\/Screenshot_20200710-2230402.png 937w\" sizes=\"(max-width: 711px) 100vw, 711px\" \/><\/p>\n","protected":false},"excerpt":{"rendered":"<p>O Sindicato dos Servidores Penitenci\u00e1rios do Estado da Bahia &#8211; SINSPEB, informa que a Proposta de Emenda a Constitui\u00e7\u00e3o que<\/p>\n","protected":false},"author":1,"featured_media":1068,"comment_status":"closed","ping_status":"closed","sticky":false,"template":"","format":"standard","meta":{"colormag_page_container_layout":"default_layout","colormag_page_sidebar_layout":"default_layout","footnotes":""},"categories":[36],"tags":[],"class_list":["post-1067","post","type-post","status-publish","format-standard","has-post-thumbnail","hentry","category-noticias-recentes"],"_links":{"self":[{"href":"https:\/\/sinspeb.org.br\/index.php?rest_route=\/wp\/v2\/posts\/1067","targetHints":{"allow":["GET"]}}],"collection":[{"href":"https:\/\/sinspeb.org.br\/index.php?rest_route=\/wp\/v2\/posts"}],"about":[{"href":"https:\/\/sinspeb.org.br\/index.php?rest_route=\/wp\/v2\/types\/post"}],"author":[{"embeddable":true,"href":"https:\/\/sinspeb.org.br\/index.php?rest_route=\/wp\/v2\/users\/1"}],"replies":[{"embeddable":true,"href":"https:\/\/sinspeb.org.br\/index.php?rest_route=%2Fwp%2Fv2%2Fcomments&post=1067"}],"version-history":[{"count":1,"href":"https:\/\/sinspeb.org.br\/index.php?rest_route=\/wp\/v2\/posts\/1067\/revisions"}],"predecessor-version":[{"id":1072,"href":"https:\/\/sinspeb.org.br\/index.php?rest_route=\/wp\/v2\/posts\/1067\/revisions\/1072"}],"wp:featuredmedia":[{"embeddable":true,"href":"https:\/\/sinspeb.org.br\/index.php?rest_route=\/wp\/v2\/media\/1068"}],"wp:attachment":[{"href":"https:\/\/sinspeb.org.br\/index.php?rest_route=%2Fwp%2Fv2%2Fmedia&parent=1067"}],"wp:term":[{"taxonomy":"category","embeddable":true,"href":"https:\/\/sinspeb.org.br\/index.php?rest_route=%2Fwp%2Fv2%2Fcategories&post=1067"},{"taxonomy":"post_tag","embeddable":true,"href":"https:\/\/sinspeb.org.br\/index.php?rest_route=%2Fwp%2Fv2%2Ftags&post=1067"}],"curies":[{"name":"wp","href":"https:\/\/api.w.org\/{rel}","templated":true}]}}