{"id":1074,"date":"2020-07-10T23:11:53","date_gmt":"2020-07-11T02:11:53","guid":{"rendered":"http:\/\/sinspeb.org.br\/?p=1074"},"modified":"2020-10-22T01:49:40","modified_gmt":"2020-10-22T04:49:40","slug":"sinspeb-realiza-distribuicao-de-mascaras-em-unidades-prisionais-baianas","status":"publish","type":"post","link":"https:\/\/sinspeb.org.br\/?p=1074","title":{"rendered":"SINSPEB REALIZA DISTRIBUI\u00c7\u00c3O DE M\u00c1SCARAS EM UNIDADES PRISIONAIS BAIANAS"},"content":{"rendered":"<p>SINSPEB REALIZA DISTRIBUI\u00c7\u00c3O DE M\u00c1SCARAS EM UNIDADES PRISIONAIS BAIANAS<\/p>\n<p><img fetchpriority=\"high\" decoding=\"async\" src=\"http:\/\/sinspeb.org.br\/wp-content\/uploads\/2020\/07\/IMG-20200710-WA00252-1024x489.jpg\" alt=\"\" width=\"750\" height=\"358\" class=\"aligncenter size-large wp-image-1075\" srcset=\"https:\/\/sinspeb.org.br\/wp-content\/uploads\/2020\/07\/IMG-20200710-WA00252-1024x489.jpg 1024w, https:\/\/sinspeb.org.br\/wp-content\/uploads\/2020\/07\/IMG-20200710-WA00252-300x143.jpg 300w, https:\/\/sinspeb.org.br\/wp-content\/uploads\/2020\/07\/IMG-20200710-WA00252-768x367.jpg 768w, https:\/\/sinspeb.org.br\/wp-content\/uploads\/2020\/07\/IMG-20200710-WA00252.jpg 1084w\" sizes=\"(max-width: 750px) 100vw, 750px\" \/><\/p>\n<p>Na data de hoje (10\/10\/2020), o Sindicato dos Servidores Penitenci\u00e1rios do Estado da Bahia-SINSPEB come\u00e7ou a distribui\u00e7\u00e3o de m\u00e1scaras para a prote\u00e7\u00e3o dos servidores contra o coronav\u00edrus nas Unidades Prisionais Baiana. <\/p>\n<p>Hoje a distribui\u00e7\u00e3o foi realizada no Conjunto Penal de Feira de Santana. Ao longo dos pr\u00f3ximos dias ser\u00e3o distribuidas para todos os Servidores filiados em todas os estabelecimentos prisionais do Estado. S\u00e3o m\u00e1scaras personalizados, dupla face em malha PV.<\/p>\n<p><img decoding=\"async\" src=\"http:\/\/sinspeb.org.br\/wp-content\/uploads\/2020\/07\/IMG-20200710-WA0024-768x1024.jpg\" alt=\"\" width=\"750\" height=\"1000\" class=\"aligncenter size-large wp-image-1076\" srcset=\"https:\/\/sinspeb.org.br\/wp-content\/uploads\/2020\/07\/IMG-20200710-WA0024-768x1024.jpg 768w, https:\/\/sinspeb.org.br\/wp-content\/uploads\/2020\/07\/IMG-20200710-WA0024-225x300.jpg 225w, https:\/\/sinspeb.org.br\/wp-content\/uploads\/2020\/07\/IMG-20200710-WA0024.jpg 960w\" sizes=\"(max-width: 750px) 100vw, 750px\" \/><\/p>\n<p>Segundo a Organiza\u00e7\u00e3o Mundial de Sa\u00fade-OMS, as m\u00e1scaras de prote\u00e7\u00e3o s\u00e3o pe\u00e7as indispens\u00e1veis \u00e0 preven\u00e7\u00e3o \u00e0 contamina\u00e7\u00e3o pelo coronav\u00edrus. Por esta raz\u00e3o, o SINSPEB pensando na sa\u00fade de seus filiados, resolveu fazer esse investimento objetivando melhorar a seguran\u00e7a durante o desenvolvimento das atividades profissionais rotineiras.<\/p>\n<p>10\/10\/2020<br \/>\nSINSPEB<\/p>\n","protected":false},"excerpt":{"rendered":"<p>SINSPEB REALIZA DISTRIBUI\u00c7\u00c3O DE M\u00c1SCARAS EM UNIDADES PRISIONAIS BAIANAS Na data de hoje (10\/10\/2020), o Sindicato dos Servidores Penitenci\u00e1rios do<\/p>\n","protected":false},"author":1,"featured_media":1075,"comment_status":"closed","ping_status":"closed","sticky":false,"template":"","format":"standard","meta":{"colormag_page_container_layout":"default_layout","colormag_page_sidebar_layout":"default_layout","footnotes":""},"categories":[2],"tags":[],"class_list":["post-1074","post","type-post","status-publish","format-standard","has-post-thumbnail","hentry","category-eventos"],"_links":{"self":[{"href":"https:\/\/sinspeb.org.br\/index.php?rest_route=\/wp\/v2\/posts\/1074","targetHints":{"allow":["GET"]}}],"collection":[{"href":"https:\/\/sinspeb.org.br\/index.php?rest_route=\/wp\/v2\/posts"}],"about":[{"href":"https:\/\/sinspeb.org.br\/index.php?rest_route=\/wp\/v2\/types\/post"}],"author":[{"embeddable":true,"href":"https:\/\/sinspeb.org.br\/index.php?rest_route=\/wp\/v2\/users\/1"}],"replies":[{"embeddable":true,"href":"https:\/\/sinspeb.org.br\/index.php?rest_route=%2Fwp%2Fv2%2Fcomments&post=1074"}],"version-history":[{"count":1,"href":"https:\/\/sinspeb.org.br\/index.php?rest_route=\/wp\/v2\/posts\/1074\/revisions"}],"predecessor-version":[{"id":1077,"href":"https:\/\/sinspeb.org.br\/index.php?rest_route=\/wp\/v2\/posts\/1074\/revisions\/1077"}],"wp:featuredmedia":[{"embeddable":true,"href":"https:\/\/sinspeb.org.br\/index.php?rest_route=\/wp\/v2\/media\/1075"}],"wp:attachment":[{"href":"https:\/\/sinspeb.org.br\/index.php?rest_route=%2Fwp%2Fv2%2Fmedia&parent=1074"}],"wp:term":[{"taxonomy":"category","embeddable":true,"href":"https:\/\/sinspeb.org.br\/index.php?rest_route=%2Fwp%2Fv2%2Fcategories&post=1074"},{"taxonomy":"post_tag","embeddable":true,"href":"https:\/\/sinspeb.org.br\/index.php?rest_route=%2Fwp%2Fv2%2Ftags&post=1074"}],"curies":[{"name":"wp","href":"https:\/\/api.w.org\/{rel}","templated":true}]}}