{"id":1096,"date":"2020-08-19T20:25:55","date_gmt":"2020-08-19T23:25:55","guid":{"rendered":"http:\/\/sinspeb.org.br\/?p=1096"},"modified":"2020-10-22T01:49:16","modified_gmt":"2020-10-22T04:49:16","slug":"live-da-prof-nelma-barreto-com-o-sinspeb","status":"publish","type":"post","link":"https:\/\/sinspeb.org.br\/?p=1096","title":{"rendered":"Live da Prof. Nelma Barreto com o SINSPEB."},"content":{"rendered":"<p><img fetchpriority=\"high\" decoding=\"async\" src=\"http:\/\/sinspeb.org.br\/wp-content\/uploads\/2020\/08\/IMG-20200819-WA0003-903x1024.jpg\" alt=\"\" width=\"750\" height=\"850\" class=\"aligncenter size-large wp-image-1097\" srcset=\"https:\/\/sinspeb.org.br\/wp-content\/uploads\/2020\/08\/IMG-20200819-WA0003-903x1024.jpg 903w, https:\/\/sinspeb.org.br\/wp-content\/uploads\/2020\/08\/IMG-20200819-WA0003-265x300.jpg 265w, https:\/\/sinspeb.org.br\/wp-content\/uploads\/2020\/08\/IMG-20200819-WA0003-768x871.jpg 768w, https:\/\/sinspeb.org.br\/wp-content\/uploads\/2020\/08\/IMG-20200819-WA0003.jpg 1000w\" sizes=\"(max-width: 750px) 100vw, 750px\" \/><\/p>\n<p>O Vice Presidente do Sindicato dos Servidores Penitenci\u00e1rios do Estado da Bahia (SINSPEB), Fernando Fernandes, participar\u00e1 amanh\u00e3 (20\/08), da live com a prof. Nelma Barreto, \u00e0s 21hs, pelo Instagram.<\/p>\n<p>Durante a entrevista, o Vice Presidente do SINSPEB ir\u00e1 tratar da Pol\u00edcia Penal e de assuntos de interesse da categoria, bem como da realidade do Sistema  Prisional do Estado da Bahia.<\/p>\n<p>Para acompanhar a live acesse o link: <\/p>\n<p>\ud83d\udc49\ud83c\udffchttps:\/\/bit.ly\/2CFiza6<\/p>\n<p>Acesse o Instagram:<br \/>\n\ud83d\udc49\ud83c\udffc @prof_nelma_barreto<\/p>\n<p>Ascom &#8211; SINSPEB<\/p>\n","protected":false},"excerpt":{"rendered":"<p>O Vice Presidente do Sindicato dos Servidores Penitenci\u00e1rios do Estado da Bahia (SINSPEB), Fernando Fernandes, participar\u00e1 amanh\u00e3 (20\/08), da live<\/p>\n","protected":false},"author":1,"featured_media":1097,"comment_status":"closed","ping_status":"closed","sticky":false,"template":"","format":"standard","meta":{"colormag_page_container_layout":"default_layout","colormag_page_sidebar_layout":"default_layout","footnotes":""},"categories":[2],"tags":[],"class_list":["post-1096","post","type-post","status-publish","format-standard","has-post-thumbnail","hentry","category-eventos"],"_links":{"self":[{"href":"https:\/\/sinspeb.org.br\/index.php?rest_route=\/wp\/v2\/posts\/1096","targetHints":{"allow":["GET"]}}],"collection":[{"href":"https:\/\/sinspeb.org.br\/index.php?rest_route=\/wp\/v2\/posts"}],"about":[{"href":"https:\/\/sinspeb.org.br\/index.php?rest_route=\/wp\/v2\/types\/post"}],"author":[{"embeddable":true,"href":"https:\/\/sinspeb.org.br\/index.php?rest_route=\/wp\/v2\/users\/1"}],"replies":[{"embeddable":true,"href":"https:\/\/sinspeb.org.br\/index.php?rest_route=%2Fwp%2Fv2%2Fcomments&post=1096"}],"version-history":[{"count":2,"href":"https:\/\/sinspeb.org.br\/index.php?rest_route=\/wp\/v2\/posts\/1096\/revisions"}],"predecessor-version":[{"id":1099,"href":"https:\/\/sinspeb.org.br\/index.php?rest_route=\/wp\/v2\/posts\/1096\/revisions\/1099"}],"wp:featuredmedia":[{"embeddable":true,"href":"https:\/\/sinspeb.org.br\/index.php?rest_route=\/wp\/v2\/media\/1097"}],"wp:attachment":[{"href":"https:\/\/sinspeb.org.br\/index.php?rest_route=%2Fwp%2Fv2%2Fmedia&parent=1096"}],"wp:term":[{"taxonomy":"category","embeddable":true,"href":"https:\/\/sinspeb.org.br\/index.php?rest_route=%2Fwp%2Fv2%2Fcategories&post=1096"},{"taxonomy":"post_tag","embeddable":true,"href":"https:\/\/sinspeb.org.br\/index.php?rest_route=%2Fwp%2Fv2%2Ftags&post=1096"}],"curies":[{"name":"wp","href":"https:\/\/api.w.org\/{rel}","templated":true}]}}