{"id":110,"date":"2019-01-10T21:10:43","date_gmt":"2019-01-10T23:10:43","guid":{"rendered":"http:\/\/sinspeb.org.br\/?p=110"},"modified":"2019-01-20T15:33:10","modified_gmt":"2019-01-20T17:33:10","slug":"sinspeb-convoca-assembleia-para-decidir-o-rumo-da-luta-em-prol-da-efetivacao-do-aumento-salarial-dos-agentes-penitenciarios","status":"publish","type":"post","link":"https:\/\/sinspeb.org.br\/?p=110","title":{"rendered":"SINSPEB convoca Assembleia para decidir o rumo da luta em prol da efetiva\u00e7\u00e3o do aumento salarial dos Agentes Penitenci\u00e1rios"},"content":{"rendered":"<p>Companheiros e companheiras, o Sindicato dos Servidores Penitenci\u00e1rios do Estado da Bahia (SINSPEB), convida voc\u00eas para participarem da nossa Assembleia Geral Extraordin\u00e1ria na pr\u00f3xima sexta-feira (11\\01), com primeira chamada \u00e0s 8h30 e segunda chamada \u00e0s 9h, no Complexo Prisional de Salvador,no bairro da Mata Escura. Durante a Assembleia ser\u00e3o definidos os rumos da nossa luta por efetiva\u00e7\u00e3o aumento salarial. N\u00e3o da mais para esperar, temos que nos organizar e lutar. N\u00e3o devemos mais esperar!<\/p>\n<p>Nesta quinta-feira (10\\01), vence o prazo do Governo do Estado para efetiva\u00e7\u00e3o do reajuste aprovado pela Assembleia Legislativa do Estado da Bahia (ALBA-BA), n\u00e3o sancionado pelo Governador Rui Costa e n\u00e3o promulgado pelo presidente da ALBA, deputado \u00c2ngelo Coronel.<\/p>\n<p>O projeto, foi enviado para a AL-BA pelo pr\u00f3prio Poder Executivo, que reorganiza a estrutura remunerat\u00f3ria dos agentes, foi aprovado em 8 de maio de 2018, deveria ser sancionado ou vetado em at\u00e9 15 dias. O projeto previa 14% de aumento, 10% retroativo a 1\u00ba de abril e outros 4% a partir do m\u00eas de novembro.<\/p>\n<p>O SINSPEB de forma incans\u00e1vel participou de v\u00e1rias reuni\u00f5es em busca da efetiva\u00e7\u00e3o do aumento dos Agentes Penitenci\u00e1rio. Com o Chefe de Gabinete da Casa Civil, Dr. Carlos Melo, que teve como objetivo, buscar informa\u00e7\u00f5es acerca da san\u00e7\u00e3o do projeto de Lei aprovado. Tamb\u00e9m reuniram-se com o l\u00edder do governo, Z\u00e9 Neto (PT), para cobrar uma solu\u00e7\u00e3o. Na reuni\u00e3o com \u00c2ngelo Coronel, presidente da ALBA-BA, foi assumido o compromisso de interceder em favor dos Agentes Penitenci\u00e1rios e resolver a quest\u00e3o, o que n\u00e3o aconteceu.<\/p>\n<p>A categoria precisa participar da luta e ser atuante, n\u00e3o vamos deixar que nossos direitos sejam derrubados por um governo que n\u00e3o honra o compromisso. Se o governo n\u00e3o pagar, a categoria vai parar.<\/p>\n<p>Vamos todos participar dessa luta! Venham Servidores Penitenci\u00e1rios para a nossa assembleia, fa\u00e7a valer seu direito de decidir o melhor caminho da nossa luta. S\u00f3 com luta vamos arrancar o nosso aumento!<\/p>\n<p>Ascom &#8211; SINSPEB<\/p>\n","protected":false},"excerpt":{"rendered":"<p>Companheiros e companheiras, o Sindicato dos Servidores Penitenci\u00e1rios do Estado da Bahia (SINSPEB), convida voc\u00eas para participarem da nossa Assembleia<\/p>\n","protected":false},"author":1,"featured_media":111,"comment_status":"open","ping_status":"open","sticky":false,"template":"","format":"standard","meta":{"colormag_page_container_layout":"default_layout","colormag_page_sidebar_layout":"default_layout","footnotes":""},"categories":[1],"tags":[],"class_list":["post-110","post","type-post","status-publish","format-standard","has-post-thumbnail","hentry","category-noticias"],"_links":{"self":[{"href":"https:\/\/sinspeb.org.br\/index.php?rest_route=\/wp\/v2\/posts\/110","targetHints":{"allow":["GET"]}}],"collection":[{"href":"https:\/\/sinspeb.org.br\/index.php?rest_route=\/wp\/v2\/posts"}],"about":[{"href":"https:\/\/sinspeb.org.br\/index.php?rest_route=\/wp\/v2\/types\/post"}],"author":[{"embeddable":true,"href":"https:\/\/sinspeb.org.br\/index.php?rest_route=\/wp\/v2\/users\/1"}],"replies":[{"embeddable":true,"href":"https:\/\/sinspeb.org.br\/index.php?rest_route=%2Fwp%2Fv2%2Fcomments&post=110"}],"version-history":[{"count":1,"href":"https:\/\/sinspeb.org.br\/index.php?rest_route=\/wp\/v2\/posts\/110\/revisions"}],"predecessor-version":[{"id":112,"href":"https:\/\/sinspeb.org.br\/index.php?rest_route=\/wp\/v2\/posts\/110\/revisions\/112"}],"wp:featuredmedia":[{"embeddable":true,"href":"https:\/\/sinspeb.org.br\/index.php?rest_route=\/wp\/v2\/media\/111"}],"wp:attachment":[{"href":"https:\/\/sinspeb.org.br\/index.php?rest_route=%2Fwp%2Fv2%2Fmedia&parent=110"}],"wp:term":[{"taxonomy":"category","embeddable":true,"href":"https:\/\/sinspeb.org.br\/index.php?rest_route=%2Fwp%2Fv2%2Fcategories&post=110"},{"taxonomy":"post_tag","embeddable":true,"href":"https:\/\/sinspeb.org.br\/index.php?rest_route=%2Fwp%2Fv2%2Ftags&post=110"}],"curies":[{"name":"wp","href":"https:\/\/api.w.org\/{rel}","templated":true}]}}