{"id":1126,"date":"2020-08-20T19:09:51","date_gmt":"2020-08-20T22:09:51","guid":{"rendered":"http:\/\/sinspeb.org.br\/?p=1126"},"modified":"2020-10-22T01:48:53","modified_gmt":"2020-10-22T04:48:53","slug":"nota-tecnica-n05-da-conalis-mp-direito-social-e-fundamental-de-greve","status":"publish","type":"post","link":"https:\/\/sinspeb.org.br\/?p=1126","title":{"rendered":"Nota T\u00e9cnica 05 da CONALIS &#8211; MP sobre Direito Social e Fundamental de Greve"},"content":{"rendered":"<p>O Minist\u00e9rio P\u00fablico do Trabalho, por meio da Coordenadoria Nacional de Promo\u00e7\u00e3o da Liberdade Sindical (Conalis), publicou a Nota T\u00e9cnica n\u00ba05 sobre o Direito Social e Fundamental de Greve.<\/p>\n<p>O documento explica a hist\u00f3ria do direito a greve no Brasil e convida a sociedade \u00e0 sua leitura para entender melhor como funciona esse direito.<\/p>\n<p>A Nota T\u00e9cnica se alinha \u00e1 Constitui\u00e7\u00e3o Federal e, ainda, \u00e0s mais modernas delibera\u00e7\u00f5es do Comit\u00ea de Liberdade Sindical da Organiza\u00e7\u00e3o Internacional do Trabalho (OIT).<\/p>\n<p>Para conferir a \u00edntegra da Nota T\u00e9cnica acesse:<\/p>\n<p>\ud83d\udc49\ud83c\udffc<a href=\"http:\/\/sinspeb.org.br\/wp-content\/uploads\/2020\/08\/Conalis-nota-tecnica-05-1.pdf\">Conalis-nota-tecnica-05<\/a><\/p>\n","protected":false},"excerpt":{"rendered":"<p>O Minist\u00e9rio P\u00fablico do Trabalho, por meio da Coordenadoria Nacional de Promo\u00e7\u00e3o da Liberdade Sindical (Conalis), publicou a Nota T\u00e9cnica<\/p>\n","protected":false},"author":1,"featured_media":1103,"comment_status":"closed","ping_status":"closed","sticky":false,"template":"","format":"standard","meta":{"colormag_page_container_layout":"default_layout","colormag_page_sidebar_layout":"default_layout","footnotes":""},"categories":[32],"tags":[],"class_list":["post-1126","post","type-post","status-publish","format-standard","has-post-thumbnail","hentry","category-ultimas-noticias"],"_links":{"self":[{"href":"https:\/\/sinspeb.org.br\/index.php?rest_route=\/wp\/v2\/posts\/1126","targetHints":{"allow":["GET"]}}],"collection":[{"href":"https:\/\/sinspeb.org.br\/index.php?rest_route=\/wp\/v2\/posts"}],"about":[{"href":"https:\/\/sinspeb.org.br\/index.php?rest_route=\/wp\/v2\/types\/post"}],"author":[{"embeddable":true,"href":"https:\/\/sinspeb.org.br\/index.php?rest_route=\/wp\/v2\/users\/1"}],"replies":[{"embeddable":true,"href":"https:\/\/sinspeb.org.br\/index.php?rest_route=%2Fwp%2Fv2%2Fcomments&post=1126"}],"version-history":[{"count":3,"href":"https:\/\/sinspeb.org.br\/index.php?rest_route=\/wp\/v2\/posts\/1126\/revisions"}],"predecessor-version":[{"id":1129,"href":"https:\/\/sinspeb.org.br\/index.php?rest_route=\/wp\/v2\/posts\/1126\/revisions\/1129"}],"wp:featuredmedia":[{"embeddable":true,"href":"https:\/\/sinspeb.org.br\/index.php?rest_route=\/wp\/v2\/media\/1103"}],"wp:attachment":[{"href":"https:\/\/sinspeb.org.br\/index.php?rest_route=%2Fwp%2Fv2%2Fmedia&parent=1126"}],"wp:term":[{"taxonomy":"category","embeddable":true,"href":"https:\/\/sinspeb.org.br\/index.php?rest_route=%2Fwp%2Fv2%2Fcategories&post=1126"},{"taxonomy":"post_tag","embeddable":true,"href":"https:\/\/sinspeb.org.br\/index.php?rest_route=%2Fwp%2Fv2%2Ftags&post=1126"}],"curies":[{"name":"wp","href":"https:\/\/api.w.org\/{rel}","templated":true}]}}