{"id":1132,"date":"2020-09-24T18:43:01","date_gmt":"2020-09-24T21:43:01","guid":{"rendered":"http:\/\/sinspeb.org.br\/?p=1132"},"modified":"2020-10-22T01:48:38","modified_gmt":"2020-10-22T04:48:38","slug":"trt5-mantem-sentenca-que-condenou-a-seap-a-regularizar-ambiente-de-trabalho-de-servidores-penitenciarios-da-bahia","status":"publish","type":"post","link":"https:\/\/sinspeb.org.br\/?p=1132","title":{"rendered":"TRT5 MANT\u00c9M SENTEN\u00c7A QUE CONDENOU A SEAP A REGULARIZAR AMBIENTE DE TRABALHO DE SERVIDORES PENITENCI\u00c1RIOS DA BAHIA"},"content":{"rendered":"<p>TRT5 MANT\u00c9M SENTEN\u00c7A QUE CONDENOU A SEAP A REGULARIZAR AMBIENTE DE TRABALHO DE SERVIDORES PENITENCI\u00c1RIOS DA BAHIA<\/p>\n<p>Informamos que o Estado da Bahia sofreu nova derrota na A\u00e7\u00e3o Civil P\u00fablica ajuizada pelo Minist\u00e9rio P\u00fablico do Trabalho, ap\u00f3s den\u00fancias feitas pelo Sindicato dos Servidores Penitenci\u00e1rios do Estado da Bahia-SINSPEB, relativas \u00e0s prec\u00e1rias condi\u00e7\u00f5es de trabalho \u00e0 que est\u00e3o submetidos os Policiais Penais baianos. A senten\u00e7a havia condenado o Estado da Bahia em todos os 38 pontos apontados como irregulares pelo parquet trabalhista, al\u00e9m de multa por danos morais coletivos no montante de R$500.000,00. <\/p>\n<p>Em recurso ao Tribunal Regional do Trabalho, a condena\u00e7\u00e3o foi mantida em todos os seus termos relacionados \u00e0s irregularidades no ambiente de trabalho dos servidores, por\u00e9m o Estado conseguiu reduzir a condena\u00e7\u00e3o em rela\u00e7\u00e3o aos danos morais coletivos para R$200.000,00. A maioria das obriga\u00e7\u00f5es impostas ao Estado da Bahia est\u00e3o relacionadas \u00e0 conserva\u00e7\u00e3o dos alojamentos dos servidores, instala\u00e7\u00f5es<br \/>\nhidrossanit\u00e1rias, sistema de combate a inc\u00eandio, etc.. <\/p>\n<p>Por\u00e9m, destacamos duas obriga\u00e7\u00f5es impostas ao Estado da Bahia e que julgamos ser uma vit\u00f3ria sem tamanho para os servidores: *30* &#8211; *Adquirir os equipamentos individuais necess\u00e1rios para a prote\u00e7\u00e3o dos agentes penitenci\u00e1rios, sendo que tais equipamentos devem ser adequados aos riscos aos quais est\u00e3o expostos esses agentes, substituindo-os imediatamente quando danificados ou extraviados, responsabilizando-se pela higieniza\u00e7\u00e3o*<br \/>\n*e manuten\u00e7\u00e3o peri\u00f3dica deles, atentando-se para os ditames do item 6.6.1 da NR-6;* e *38* &#8211; *Elaborar e implementar Programa de Sa\u00fade Ocupacional em aten\u00e7\u00e3o aos agentes penitenci\u00e1rios, incluindo-se: Programa de Vacina\u00e7\u00e3o, conforme o Calend\u00e1rio do Minist\u00e9rio da Sa\u00fade;* *diagn\u00f3stico das condi\u00e7\u00f5es de sa\u00fade f\u00edsica e mental, sob a \u00f3tica ergon\u00f4mica, especialmente da ergonomia cognitiva*, *nos moldes da NR-7.*<\/p>\n<p>A aquisi\u00e7\u00e3o dos EPI&#8217;s sempre foi prioridade da atual gest\u00e3o SINSPEB, haja vista que a seguran\u00e7a dos servidores \u00e9 o que mais importa. Nesse sentido a obriga\u00e7\u00e3o imposta ao Estado da Bahia para a implementa\u00e7\u00e3o do Programa de Sa\u00fade Ocupacional do Servidor atende ao pleito que inclusive fez parte da pauta de reivindica\u00e7\u00f5es no movimento paredista deflagrado pela categoria h\u00e1 06 anos atr\u00e1s, em 2014, mas que at\u00e9 a presente data n\u00e3o houve qualquer sinaliza\u00e7\u00e3o de cumprimento por parte de SEAP.<\/p>\n<p> &#8220;Temos a convic\u00e7\u00e3o de que a sa\u00fade do servidor penitenci\u00e1rio deve ser pol\u00edtica priorit\u00e1ria da gest\u00e3o p\u00fablica, haja vista a nocividade do ambiente carcer\u00e1rio, especialmente em rela\u00e7\u00e3o \u00e0 sua sa\u00fade mental&#8221;, afirma Fernando Fernandes, Vice Presidente do SINSPEB. Fernandes afirma ainda que a atua\u00e7\u00e3o preventiva por parte da administra\u00e7\u00e3o p\u00fablica em rela\u00e7\u00e3o \u00e0 sa\u00fade de seus servidores \u00e9 o que realmente interessa e importa. <\/p>\n<p>&#8220;As mol\u00e9stias relacionadas \u00e0 sa\u00fade mental de policiais inevitavelmente os deixam invalidados para o exerc\u00edcio profissional pleno. Por esta raz\u00e3o a preven\u00e7\u00e3o \u00e9 o \u00fanico caminho a seguir. Fora isso, s\u00f3 restar\u00e3o a\u00e7\u00f5es corretivas infrut\u00edferas&#8221;,  conclui o sindicalista.<\/p>\n<p>ASCOM<\/p>\n<p><a href=\"http:\/\/sinspeb.org.br\/wp-content\/uploads\/2020\/09\/Acordao-TRT.pdf\">Acordao TRT%<\/a><\/p>\n<p><a href=\"http:\/\/sinspeb.org.br\/wp-content\/uploads\/2020\/09\/Senten\u00e7a-TRT.pdf\">Senten\u00e7a TRT<\/a><\/p>\n","protected":false},"excerpt":{"rendered":"<p>TRT5 MANT\u00c9M SENTEN\u00c7A QUE CONDENOU A SEAP A REGULARIZAR AMBIENTE DE TRABALHO DE SERVIDORES PENITENCI\u00c1RIOS DA BAHIA Informamos que o<\/p>\n","protected":false},"author":1,"featured_media":0,"comment_status":"closed","ping_status":"closed","sticky":false,"template":"","format":"standard","meta":{"colormag_page_container_layout":"default_layout","colormag_page_sidebar_layout":"default_layout","footnotes":""},"categories":[36],"tags":[],"class_list":["post-1132","post","type-post","status-publish","format-standard","hentry","category-noticias-recentes"],"_links":{"self":[{"href":"https:\/\/sinspeb.org.br\/index.php?rest_route=\/wp\/v2\/posts\/1132","targetHints":{"allow":["GET"]}}],"collection":[{"href":"https:\/\/sinspeb.org.br\/index.php?rest_route=\/wp\/v2\/posts"}],"about":[{"href":"https:\/\/sinspeb.org.br\/index.php?rest_route=\/wp\/v2\/types\/post"}],"author":[{"embeddable":true,"href":"https:\/\/sinspeb.org.br\/index.php?rest_route=\/wp\/v2\/users\/1"}],"replies":[{"embeddable":true,"href":"https:\/\/sinspeb.org.br\/index.php?rest_route=%2Fwp%2Fv2%2Fcomments&post=1132"}],"version-history":[{"count":1,"href":"https:\/\/sinspeb.org.br\/index.php?rest_route=\/wp\/v2\/posts\/1132\/revisions"}],"predecessor-version":[{"id":1135,"href":"https:\/\/sinspeb.org.br\/index.php?rest_route=\/wp\/v2\/posts\/1132\/revisions\/1135"}],"wp:attachment":[{"href":"https:\/\/sinspeb.org.br\/index.php?rest_route=%2Fwp%2Fv2%2Fmedia&parent=1132"}],"wp:term":[{"taxonomy":"category","embeddable":true,"href":"https:\/\/sinspeb.org.br\/index.php?rest_route=%2Fwp%2Fv2%2Fcategories&post=1132"},{"taxonomy":"post_tag","embeddable":true,"href":"https:\/\/sinspeb.org.br\/index.php?rest_route=%2Fwp%2Fv2%2Ftags&post=1132"}],"curies":[{"name":"wp","href":"https:\/\/api.w.org\/{rel}","templated":true}]}}