{"id":116,"date":"2019-01-09T13:15:40","date_gmt":"2019-01-09T15:15:40","guid":{"rendered":"http:\/\/sinspeb.org.br\/?p=116"},"modified":"2019-01-20T15:37:13","modified_gmt":"2019-01-20T17:37:13","slug":"presidente-do-sinspeb-visita-unidades-prisionais-para-convocar-categoria-para-comparecer-a-assembleia-geral-extraordinaria","status":"publish","type":"post","link":"https:\/\/sinspeb.org.br\/?p=116","title":{"rendered":"Presidente do SINSPEB visita unidades prisionais para convocar categoria para comparecer a Assembleia Geral Extraordin\u00e1ria"},"content":{"rendered":"<p>O Presidente do Sindicato dos Servidores Penitenci\u00e1rios do Estado da Bahia (SINSPEB), Reivon Pimentel, realizou visitas nas unidades prisionais da capital, Sim\u00f5es Filho e Feira de Santana. A visita teve como objetivo esclarecer os Servidores Penitenci\u00e1rios sobre a import\u00e2ncia de estarem presentes na pr\u00f3xima Assembleia Geral Extraordin\u00e1ria que ser\u00e1 realizada na sexta-feira (11\/01), no Complexo Prisional de Salvador, no bairro da Mata Escura.<\/p>\n<p>A participa\u00e7\u00e3o massiva e efetiva da categoria \u00e9 de suma import\u00e2ncia, porque \u00e9 durante a Assembleia que os Servidores tomam conhecimento do andamento do trabalho realizado pelo SINSPEB, manifestam as suas vontades, discutem sobre situa\u00e7\u00f5es, debatem, esclarecem e autorizam o sindicato que \u00e9 o seu representante legal a defender suas decis\u00f5es. As conquistas s\u00e3o do tamanho da participa\u00e7\u00e3o e luta!<\/p>\n<p>Portanto, \u00e9 importante que todos participem da Assembleia Geral Extraordin\u00e1ria convocada pelo SINSPEB. Companheiros, venham decidir mais um passo na vida do Servidor Penitenci\u00e1rio. N\u00e3o deixem que decidam por voc\u00ea!<\/p>\n<p>O SINSPEB \u00e9 um sindicato aguerrido, que defende os interesses do Servidor Penitenci\u00e1rio com coragem, for\u00e7a e efici\u00eancia.<\/p>\n<p>Compare\u00e7a, opine, decida! Unidos somos mais fortes!<\/p>\n<p>Ascom -SINSPEB<\/p>\n","protected":false},"excerpt":{"rendered":"<p>O Presidente do Sindicato dos Servidores Penitenci\u00e1rios do Estado da Bahia (SINSPEB), Reivon Pimentel, realizou visitas nas unidades prisionais da<\/p>\n","protected":false},"author":1,"featured_media":117,"comment_status":"open","ping_status":"open","sticky":false,"template":"","format":"standard","meta":{"colormag_page_container_layout":"default_layout","colormag_page_sidebar_layout":"default_layout","footnotes":""},"categories":[1],"tags":[],"class_list":["post-116","post","type-post","status-publish","format-standard","has-post-thumbnail","hentry","category-noticias"],"_links":{"self":[{"href":"https:\/\/sinspeb.org.br\/index.php?rest_route=\/wp\/v2\/posts\/116","targetHints":{"allow":["GET"]}}],"collection":[{"href":"https:\/\/sinspeb.org.br\/index.php?rest_route=\/wp\/v2\/posts"}],"about":[{"href":"https:\/\/sinspeb.org.br\/index.php?rest_route=\/wp\/v2\/types\/post"}],"author":[{"embeddable":true,"href":"https:\/\/sinspeb.org.br\/index.php?rest_route=\/wp\/v2\/users\/1"}],"replies":[{"embeddable":true,"href":"https:\/\/sinspeb.org.br\/index.php?rest_route=%2Fwp%2Fv2%2Fcomments&post=116"}],"version-history":[{"count":1,"href":"https:\/\/sinspeb.org.br\/index.php?rest_route=\/wp\/v2\/posts\/116\/revisions"}],"predecessor-version":[{"id":118,"href":"https:\/\/sinspeb.org.br\/index.php?rest_route=\/wp\/v2\/posts\/116\/revisions\/118"}],"wp:featuredmedia":[{"embeddable":true,"href":"https:\/\/sinspeb.org.br\/index.php?rest_route=\/wp\/v2\/media\/117"}],"wp:attachment":[{"href":"https:\/\/sinspeb.org.br\/index.php?rest_route=%2Fwp%2Fv2%2Fmedia&parent=116"}],"wp:term":[{"taxonomy":"category","embeddable":true,"href":"https:\/\/sinspeb.org.br\/index.php?rest_route=%2Fwp%2Fv2%2Fcategories&post=116"},{"taxonomy":"post_tag","embeddable":true,"href":"https:\/\/sinspeb.org.br\/index.php?rest_route=%2Fwp%2Fv2%2Ftags&post=116"}],"curies":[{"name":"wp","href":"https:\/\/api.w.org\/{rel}","templated":true}]}}