{"id":1163,"date":"2020-09-29T15:29:09","date_gmt":"2020-09-29T18:29:09","guid":{"rendered":"http:\/\/sinspeb.org.br\/?p=1163"},"modified":"2020-10-22T18:13:43","modified_gmt":"2020-10-22T21:13:43","slug":"convocacao-para-assembleia-geral-extraordinaria-no-cpfs-2","status":"publish","type":"post","link":"https:\/\/sinspeb.org.br\/?p=1163","title":{"rendered":"CONVOCA\u00c7\u00c3O PARA ASSEMBLEIA GERAL EXTRAORDIN\u00c1RIA NO CPFS"},"content":{"rendered":"<p>CONVOCA\u00c7\u00c3O PARA ASSEMBLEIA GERAL EXTRAORDIN\u00c1RIA NO CPFS<\/p>\n<p><img fetchpriority=\"high\" decoding=\"async\" class=\"aligncenter size-large wp-image-1164\" src=\"http:\/\/sinspeb.org.br\/wp-content\/uploads\/2020\/09\/IMG-20200929-WA0007-724x1024.jpg\" alt=\"\" width=\"724\" height=\"1024\" srcset=\"https:\/\/sinspeb.org.br\/wp-content\/uploads\/2020\/09\/IMG-20200929-WA0007-724x1024.jpg 724w, https:\/\/sinspeb.org.br\/wp-content\/uploads\/2020\/09\/IMG-20200929-WA0007-212x300.jpg 212w, https:\/\/sinspeb.org.br\/wp-content\/uploads\/2020\/09\/IMG-20200929-WA0007-768x1087.jpg 768w, https:\/\/sinspeb.org.br\/wp-content\/uploads\/2020\/09\/IMG-20200929-WA0007.jpg 877w\" sizes=\"(max-width: 724px) 100vw, 724px\" \/><\/p>\n<p>No dia 27\/09\/2020 (domingo), os representantes do Sindicato dos Servidores Penitenci\u00e1rios do Estado da Bahia-SINSPEB, se dirigiram ao Conjunto Penal de Feira de Santana, atendendo ao chamamento dos colegas da base, para tratar a respeito das acusa\u00e7\u00f5es criminosas, sem nenhuma respaldo legal ou probat\u00f3rio, sendo assim, totalmente descabidas e desprovidas de legalidade, feitas pelo Diretor da Unidade, Capit\u00e3o da PM-BA, Allan Silva Ara\u00fajo contra os Servidores do CPFS.<\/p>\n<p>J\u00e1 ontem (28\/09\/2020), ocorreu outra reuni\u00e3o com os Servidores da Unidade e a Equipe do SINSPEB, onde foi amplamente discutido sobre o comportamento ditatorial, abusivo, preconceituoso e extremamente desrespeitoso com a categoria dos Servidores Penitenci\u00e1rios por parte do Diretor do CPFS, como tamb\u00e9m a sua atitude de proibir no \u00faltimo dia 24\/09\/2020 (quinta-feira) a sa\u00edda dos Servidores Penitenci\u00e1rios do Conjunto, com a desculpa de que haviam objetos il\u00edcitos dentro de algum dos ve\u00edculos que estavam no estacionamento da Unidade.<\/p>\n<p><img decoding=\"async\" class=\"aligncenter size-large wp-image-1167\" src=\"http:\/\/sinspeb.org.br\/wp-content\/uploads\/2020\/09\/IMG-20200929-WA0009-1024x768.jpg\" alt=\"\" width=\"750\" height=\"563\" srcset=\"https:\/\/sinspeb.org.br\/wp-content\/uploads\/2020\/09\/IMG-20200929-WA0009-1024x768.jpg 1024w, https:\/\/sinspeb.org.br\/wp-content\/uploads\/2020\/09\/IMG-20200929-WA0009-300x225.jpg 300w, https:\/\/sinspeb.org.br\/wp-content\/uploads\/2020\/09\/IMG-20200929-WA0009-768x576.jpg 768w, https:\/\/sinspeb.org.br\/wp-content\/uploads\/2020\/09\/IMG-20200929-WA0009.jpg 1032w\" sizes=\"(max-width: 750px) 100vw, 750px\" \/><\/p>\n<p>A atitude do Capit\u00e3o Alan Ara\u00fajo \u00e9 prova inconteste do amadorismo da sua gest\u00e3o, pois o mesmo afirmou que o servi\u00e7o de intelig\u00eancia tinha suspeita de que haviam il\u00edcitos no interior de algum das dezenas de ve\u00edculos estacionados no Interior do CPFS (poderia ser em qualquer um dos ve\u00edculos). Quando se fala em Servi\u00e7o de Intelig\u00eancia-SI, presume-se que as investiga\u00e7\u00f5es sejam conduzidas por pessoas com o m\u00ednimo de intelecto, caracter\u00edstica que n\u00e3o foi comprovada na opera\u00e7\u00e3o desastrosa que criminalizou todos os Servidores Penitenci\u00e1rios lotados na Unidade Prisional.<\/p>\n<p>Como o Sindicato preza pela democracia, o Diretor da Unidade foi convidado para participar da Reuni\u00e3o e foi-lhe dada a oportunidade para apresentar suas explica\u00e7\u00f5es em rela\u00e7\u00e3o ao seu comportamento abusivo. Como o mesmo n\u00e3o apresentou nenhuma justificativa plaus\u00edvel para os atos cometidos, ser\u00e1 realizada uma Assembleia Extraordin\u00e1ria no dia 01\/10\/2020 (quinta-feira) no Conjunto Penal, onde ser\u00e1 debatido e deliberado, dentre outros temas, a\u00e7\u00f5es a serem adotadas com o foco de responsabilizar o Gestor do CPFS pelo constrangimento, ass\u00e9dio moral e abuso de autoridade contra os Servidores.<\/p>\n<p><img decoding=\"async\" class=\"aligncenter size-large wp-image-1168\" src=\"http:\/\/sinspeb.org.br\/wp-content\/uploads\/2020\/09\/IMG-20200929-WA0011-1024x768.jpg\" alt=\"\" width=\"750\" height=\"563\" srcset=\"https:\/\/sinspeb.org.br\/wp-content\/uploads\/2020\/09\/IMG-20200929-WA0011-1024x768.jpg 1024w, https:\/\/sinspeb.org.br\/wp-content\/uploads\/2020\/09\/IMG-20200929-WA0011-300x225.jpg 300w, https:\/\/sinspeb.org.br\/wp-content\/uploads\/2020\/09\/IMG-20200929-WA0011-768x576.jpg 768w, https:\/\/sinspeb.org.br\/wp-content\/uploads\/2020\/09\/IMG-20200929-WA0011.jpg 1032w\" sizes=\"(max-width: 750px) 100vw, 750px\" \/><\/p>\n<p>O SINSPEB \u00e9 a favor de que se investigue toda e qualquer conduta criminosa, por\u00e9m, desde que haja o Devido Processo legal, o que n\u00e3o ocorreu, pois nem sequer um mandado de busca e apreens\u00e3o foi apresentado. A miss\u00e3o do Sindicato \u00e9 garantir a manuten\u00e7\u00e3o dos direitos dos Servidores Penitenci\u00e1rios.<\/p>\n<p>ASCOM &#8211; SINSPEB<\/p>\n","protected":false},"excerpt":{"rendered":"<p>CONVOCA\u00c7\u00c3O PARA ASSEMBLEIA GERAL EXTRAORDIN\u00c1RIA NO CPFS No dia 27\/09\/2020 (domingo), os representantes do Sindicato dos Servidores Penitenci\u00e1rios do Estado<\/p>\n","protected":false},"author":1,"featured_media":1164,"comment_status":"closed","ping_status":"closed","sticky":false,"template":"","format":"standard","meta":{"colormag_page_container_layout":"default_layout","colormag_page_sidebar_layout":"default_layout","footnotes":""},"categories":[2],"tags":[],"class_list":["post-1163","post","type-post","status-publish","format-standard","has-post-thumbnail","hentry","category-eventos"],"_links":{"self":[{"href":"https:\/\/sinspeb.org.br\/index.php?rest_route=\/wp\/v2\/posts\/1163","targetHints":{"allow":["GET"]}}],"collection":[{"href":"https:\/\/sinspeb.org.br\/index.php?rest_route=\/wp\/v2\/posts"}],"about":[{"href":"https:\/\/sinspeb.org.br\/index.php?rest_route=\/wp\/v2\/types\/post"}],"author":[{"embeddable":true,"href":"https:\/\/sinspeb.org.br\/index.php?rest_route=\/wp\/v2\/users\/1"}],"replies":[{"embeddable":true,"href":"https:\/\/sinspeb.org.br\/index.php?rest_route=%2Fwp%2Fv2%2Fcomments&post=1163"}],"version-history":[{"count":4,"href":"https:\/\/sinspeb.org.br\/index.php?rest_route=\/wp\/v2\/posts\/1163\/revisions"}],"predecessor-version":[{"id":1558,"href":"https:\/\/sinspeb.org.br\/index.php?rest_route=\/wp\/v2\/posts\/1163\/revisions\/1558"}],"wp:featuredmedia":[{"embeddable":true,"href":"https:\/\/sinspeb.org.br\/index.php?rest_route=\/wp\/v2\/media\/1164"}],"wp:attachment":[{"href":"https:\/\/sinspeb.org.br\/index.php?rest_route=%2Fwp%2Fv2%2Fmedia&parent=1163"}],"wp:term":[{"taxonomy":"category","embeddable":true,"href":"https:\/\/sinspeb.org.br\/index.php?rest_route=%2Fwp%2Fv2%2Fcategories&post=1163"},{"taxonomy":"post_tag","embeddable":true,"href":"https:\/\/sinspeb.org.br\/index.php?rest_route=%2Fwp%2Fv2%2Ftags&post=1163"}],"curies":[{"name":"wp","href":"https:\/\/api.w.org\/{rel}","templated":true}]}}