{"id":163,"date":"2019-02-02T08:50:34","date_gmt":"2019-02-02T10:50:34","guid":{"rendered":"http:\/\/sinspeb.org.br\/?p=163"},"modified":"2019-02-02T11:33:26","modified_gmt":"2019-02-02T13:33:26","slug":"nota-de-pesar-4","status":"publish","type":"post","link":"https:\/\/sinspeb.org.br\/?p=163","title":{"rendered":"Nota de Pesar"},"content":{"rendered":"<p>\u00c9 com todo pesar que vimos trazer a triste not\u00edcia do falecimento do Servidor Penitenci\u00e1rio Carlos Jos\u00e9, lotado no Hospital de Cust\u00f3dia e Tratamento (HCT), carinhosamente chamado de Tiquinho.<\/p>\n<p>O vel\u00f3rio ser\u00e1 neste s\u00e1bado partir das 12h, na sala 7 do Cemit\u00e9rio Campo Santo, bairro Federa\u00e7\u00e3o, o corpo do Servidor ser\u00e1 sepultado \u00e0s 16h30.<\/p>\n<p>Ele parte deixando-nos muitas li\u00e7\u00f5es de amor, amizade, profissionalismo, \u00e9tica e humanidade.<\/p>\n<p>As pessoas s\u00e3o insubstitu\u00edveis em sua exist\u00eancia, e quando s\u00e3o especiais, al\u00e9m da falta que fazem \u00e0queles que as amam, deixam o mundo mais pobre. Sem o nosso amigo, o mundo perde um pouco do seu brilho, alegria e cor.<\/p>\n<p>N\u00e3o temos palavras para expressar os nossos sentimentos. Pedimos a Deus que conforte o cora\u00e7\u00e3o dos familiares e amigos neste momento de dor. Que a luz e o amor divino pairem sobre a alma de quem sofre esta imensur\u00e1vel perda, e os console e lhes d\u00ea serenidade para atravessar esta tempestade.<\/p>\n<p>A Deus, pedimos tamb\u00e9m que d\u00ea ao nosso amigo o merecido repouso eterno em seu reino. Muito respeitosamente, prestamos as nossas condol\u00eancias e deixamos os nossos mais sinceros p\u00easames.<\/p>\n<p>SINSPEB<\/p>\n","protected":false},"excerpt":{"rendered":"<p>\u00c9 com todo pesar que vimos trazer a triste not\u00edcia do falecimento do Servidor Penitenci\u00e1rio Carlos Jos\u00e9, lotado no Hospital<\/p>\n","protected":false},"author":1,"featured_media":83,"comment_status":"open","ping_status":"open","sticky":false,"template":"","format":"standard","meta":{"colormag_page_container_layout":"default_layout","colormag_page_sidebar_layout":"default_layout","footnotes":""},"categories":[1],"tags":[],"class_list":["post-163","post","type-post","status-publish","format-standard","has-post-thumbnail","hentry","category-noticias"],"_links":{"self":[{"href":"https:\/\/sinspeb.org.br\/index.php?rest_route=\/wp\/v2\/posts\/163","targetHints":{"allow":["GET"]}}],"collection":[{"href":"https:\/\/sinspeb.org.br\/index.php?rest_route=\/wp\/v2\/posts"}],"about":[{"href":"https:\/\/sinspeb.org.br\/index.php?rest_route=\/wp\/v2\/types\/post"}],"author":[{"embeddable":true,"href":"https:\/\/sinspeb.org.br\/index.php?rest_route=\/wp\/v2\/users\/1"}],"replies":[{"embeddable":true,"href":"https:\/\/sinspeb.org.br\/index.php?rest_route=%2Fwp%2Fv2%2Fcomments&post=163"}],"version-history":[{"count":2,"href":"https:\/\/sinspeb.org.br\/index.php?rest_route=\/wp\/v2\/posts\/163\/revisions"}],"predecessor-version":[{"id":165,"href":"https:\/\/sinspeb.org.br\/index.php?rest_route=\/wp\/v2\/posts\/163\/revisions\/165"}],"wp:featuredmedia":[{"embeddable":true,"href":"https:\/\/sinspeb.org.br\/index.php?rest_route=\/wp\/v2\/media\/83"}],"wp:attachment":[{"href":"https:\/\/sinspeb.org.br\/index.php?rest_route=%2Fwp%2Fv2%2Fmedia&parent=163"}],"wp:term":[{"taxonomy":"category","embeddable":true,"href":"https:\/\/sinspeb.org.br\/index.php?rest_route=%2Fwp%2Fv2%2Fcategories&post=163"},{"taxonomy":"post_tag","embeddable":true,"href":"https:\/\/sinspeb.org.br\/index.php?rest_route=%2Fwp%2Fv2%2Ftags&post=163"}],"curies":[{"name":"wp","href":"https:\/\/api.w.org\/{rel}","templated":true}]}}