{"id":169,"date":"2019-02-04T17:30:28","date_gmt":"2019-02-04T19:30:28","guid":{"rendered":"http:\/\/sinspeb.org.br\/?p=169"},"modified":"2019-02-05T11:42:07","modified_gmt":"2019-02-05T13:42:07","slug":"luta-do-sinspeb-e-fenaspen-resulta-em-conquista-para-a-categoria","status":"publish","type":"post","link":"https:\/\/sinspeb.org.br\/?p=169","title":{"rendered":"Luta do SINSPEB e FENASPEN resulta em conquista para a categoria"},"content":{"rendered":"<p>O Sindicato dos Servidores Penitenci\u00e1rios do Estado da Bahia (SINSPEB), fechou o ano de 2018 com grandes conquistas, uma delas foi a cria\u00e7\u00e3o da For\u00e7a Tarefa de Interven\u00e7\u00e3o Prisional. Um trabalho realizado entre o SINSPEB e a Federa\u00e7\u00e3o Sindical Nacional dos Servidores Penitenci\u00e1rios (FENASPEN), resultou na cria\u00e7\u00e3o deste Grupamento Especializado em Interven\u00e7\u00f5es Prisionais  que atuar\u00e1 em situa\u00e7\u00f5es de crise no Sistema Prisional Brasileiro.<\/p>\n<p>Essa \u00e9 uma grande vit\u00f3ria para os Agentes Penitenci\u00e1rios, a partir da\u00ed a categoria ficou em igualdade com as outras For\u00e7as de Seguran\u00e7a P\u00fablica e passou a ter maior import\u00e2ncia, visibilidade e respeito. O Presidente da entidade, Reivon Pimentel e Fernando Anuncia\u00e7\u00e3o, Presidente da FENASPEN, lutaram dentro do Departamento Penitenci\u00e1rio Nacional (DEPEN) e do Minist\u00e9rio da Justi\u00e7a e Seguran\u00e7a P\u00fablica, antigo Minist\u00e9rio  da Justi\u00e7a (MJ), onde participaram de reuni\u00e3o em janeiro de 2017, com o Ministro Alexandre de Moraes e o Diretor Geral do DEPEN, Marco Antonio Severo Silva, em Bras\u00edlia. Nesta reuni\u00e3o a participa\u00e7\u00e3o do SINSPEB e de Fernando Anuncia\u00e7\u00e3o foi muito importante para que fosse concretizada e cria\u00e7\u00e3o dessa For\u00e7a. O ministro anunciou a cria\u00e7\u00e3o de um Grupo Nacional de Interven\u00e7\u00e3o Penitenci\u00e1ria, que atuar\u00e1 dentro das Unidades Prisionais em apoio aos Agentes dos Estados onde ocorrerem eventos cr\u00edticos.<\/p>\n<p>O grupo ser\u00e1 composto por Agentes Penitenci\u00e1rios armados, equipados e capacitados de todos os Estados, preferencialmente que seja membro de grupos especializados, a exemplo do Grupo Especial de Opera\u00e7\u00f5es Prisionais (GEOP). O grupo dever\u00e1 ter cerca de cem integrantes que atuar\u00e3o para interven\u00e7\u00e3o e solu\u00e7\u00f5es de problemas advindos de crises dentro do Sistema Prisional. Tamb\u00e9m ser\u00e3o oferecidos curso de capacita\u00e7\u00e3o DEPEN para o aperfei\u00e7oamento dos agentes penitenci\u00e1rios, visando o estabelecimento de um protocolo \u00fanico de atua\u00e7\u00e3o na quest\u00e3o penitenci\u00e1ria. <\/p>\n<p>SINSPEB, participa\u00e7\u00e3o ativa sempre!<\/p>\n<p>Ascom \u2013 SINSPEB<\/p>\n<p><img fetchpriority=\"high\" decoding=\"async\" src=\"http:\/\/sinspeb.org.br\/wp-content\/uploads\/2019\/02\/ministro-02-300x225.jpg\" alt=\"\" width=\"300\" height=\"225\" class=\"alignnone size-medium wp-image-171\" srcset=\"https:\/\/sinspeb.org.br\/wp-content\/uploads\/2019\/02\/ministro-02-300x225.jpg 300w, https:\/\/sinspeb.org.br\/wp-content\/uploads\/2019\/02\/ministro-02-768x576.jpg 768w, https:\/\/sinspeb.org.br\/wp-content\/uploads\/2019\/02\/ministro-02.jpg 960w\" sizes=\"(max-width: 300px) 100vw, 300px\" \/><\/p>\n<p><img decoding=\"async\" src=\"http:\/\/sinspeb.org.br\/wp-content\/uploads\/2019\/02\/ministro-03-300x225.jpg\" alt=\"\" width=\"300\" height=\"225\" class=\"alignnone size-medium wp-image-172\" srcset=\"https:\/\/sinspeb.org.br\/wp-content\/uploads\/2019\/02\/ministro-03-300x225.jpg 300w, https:\/\/sinspeb.org.br\/wp-content\/uploads\/2019\/02\/ministro-03-768x576.jpg 768w, https:\/\/sinspeb.org.br\/wp-content\/uploads\/2019\/02\/ministro-03.jpg 960w\" sizes=\"(max-width: 300px) 100vw, 300px\" \/><\/p>\n","protected":false},"excerpt":{"rendered":"<p>O Sindicato dos Servidores Penitenci\u00e1rios do Estado da Bahia (SINSPEB), fechou o ano de 2018 com grandes conquistas, uma delas<\/p>\n","protected":false},"author":1,"featured_media":170,"comment_status":"open","ping_status":"open","sticky":false,"template":"","format":"standard","meta":{"colormag_page_container_layout":"default_layout","colormag_page_sidebar_layout":"default_layout","footnotes":""},"categories":[1],"tags":[],"class_list":["post-169","post","type-post","status-publish","format-standard","has-post-thumbnail","hentry","category-noticias"],"_links":{"self":[{"href":"https:\/\/sinspeb.org.br\/index.php?rest_route=\/wp\/v2\/posts\/169","targetHints":{"allow":["GET"]}}],"collection":[{"href":"https:\/\/sinspeb.org.br\/index.php?rest_route=\/wp\/v2\/posts"}],"about":[{"href":"https:\/\/sinspeb.org.br\/index.php?rest_route=\/wp\/v2\/types\/post"}],"author":[{"embeddable":true,"href":"https:\/\/sinspeb.org.br\/index.php?rest_route=\/wp\/v2\/users\/1"}],"replies":[{"embeddable":true,"href":"https:\/\/sinspeb.org.br\/index.php?rest_route=%2Fwp%2Fv2%2Fcomments&post=169"}],"version-history":[{"count":1,"href":"https:\/\/sinspeb.org.br\/index.php?rest_route=\/wp\/v2\/posts\/169\/revisions"}],"predecessor-version":[{"id":173,"href":"https:\/\/sinspeb.org.br\/index.php?rest_route=\/wp\/v2\/posts\/169\/revisions\/173"}],"wp:featuredmedia":[{"embeddable":true,"href":"https:\/\/sinspeb.org.br\/index.php?rest_route=\/wp\/v2\/media\/170"}],"wp:attachment":[{"href":"https:\/\/sinspeb.org.br\/index.php?rest_route=%2Fwp%2Fv2%2Fmedia&parent=169"}],"wp:term":[{"taxonomy":"category","embeddable":true,"href":"https:\/\/sinspeb.org.br\/index.php?rest_route=%2Fwp%2Fv2%2Fcategories&post=169"},{"taxonomy":"post_tag","embeddable":true,"href":"https:\/\/sinspeb.org.br\/index.php?rest_route=%2Fwp%2Fv2%2Ftags&post=169"}],"curies":[{"name":"wp","href":"https:\/\/api.w.org\/{rel}","templated":true}]}}