{"id":1739,"date":"2021-03-04T13:56:07","date_gmt":"2021-03-04T16:56:07","guid":{"rendered":"http:\/\/sinspeb.org.br\/?p=1739"},"modified":"2021-03-04T13:56:07","modified_gmt":"2021-03-04T16:56:07","slug":"sinspeb-alerta-para-suposto-surto-de-covid-19-no-conjunto-penal-feminino-2","status":"publish","type":"post","link":"https:\/\/sinspeb.org.br\/?p=1739","title":{"rendered":"SINSPEB alerta para suposto surto de Covid-19 no Conjunto Penal Feminino"},"content":{"rendered":"<p>O Sindicato dos Servidores Penitenci\u00e1rios do Estado da Bahia (SINSPEB) denuncia um iminente foco de contamina\u00e7\u00e3o pelo Covid-19 no Conjunto Penal Feminino, localizado no Complexo Penitenci\u00e1rio de Salvador, atualmente com 10 (dez) casos confirmados, sendo 04 (quatro) servidoras e 06 (seis) internas. O SINSPEB teme uma propaga\u00e7\u00e3o descontrolada, pois h\u00e1 dezenas de casos suspeitos e nenhuma medida en\u00e9rgica v\u00eam sendo adotada, transformando a unidade prisional num vetor de contamina\u00e7\u00e3o.<\/p>\n<p>O CPF abriga pessoas privadas de liberdade, do sexo feminino, nos regimes semiaberto, fechado e provis\u00f3rio, com capacidade para 132 vagas, abrigando atualmente 113 internas, segundo dados do site da Secretaria de Administra\u00e7\u00e3o Penitenci\u00e1ria e Ressocializa\u00e7\u00e3o (SEAP).<\/p>\n<p>Alertamos que o Conjunto Penal Feminino funciona de forma conjugada com a Central M\u00e9dica Penitenci\u00e1ria (CMP), tendo acesso em comum de transeuntes, circulando presos e servidores de todas as unidades prisionais de Salvador, motivo pelo qual os cuidados naquele ambiente devem ser redobrados para salvaguardar a sa\u00fade de todos.<\/p>\n<p>Mesmo em meio ao alto \u00edndice de contamina\u00e7\u00e3o pela Covid-19, nenhum protocolo sanit\u00e1rio foi estabelecido para evitar que a unidade se transforme numa verdadeira bomba-rel\u00f3gio do Covid-19, pois ficou evidenciada nas diversas vistorias realizadas, em todas as unidades baianas, a falta de fornecimento de m\u00e1scaras, luvas, qualquer tipo de EPI&#8217;s, material de higieniza\u00e7\u00e3o e assepsia, desinfec\u00e7\u00e3o dos ambientes, verifica\u00e7\u00e3o de temperatura e satura\u00e7\u00e3o di\u00e1ria, e a falta de testagem de todos os personagens do sistema prisional baiano.<\/p>\n<p>A tend\u00eancia \u00e9 que a situa\u00e7\u00e3o se agrave, devido \u00e0s internas que testaram positivo, estarem isoladas na pr\u00f3pria unidade, pois na Unidade Prisional Extraordin\u00e1ria (UPE), criada para receber exclusivamente pessoas privadas de liberdade diagnosticadas com sintomas do novo coronav\u00edrus, n\u00e3o h\u00e1 vagas para pacientes do sexo feminino.<\/p>\n<p>Em virtude dos \u00faltimos surtos de Covid-19 registrados nas Unidades Prisionais da Bahia, conforme denuncia recente no Conjunto Penal de Jequi\u00e9, com 54 casos confirmados, al\u00e9m do risco do colapso no sistema de sa\u00fade, o SINSPEB protocolou of\u00edcio junto \u00e0 SEAP requerendo a manuten\u00e7\u00e3o da suspens\u00e3o das visitas at\u00e9 que todos os servidores penitenci\u00e1rios e a popula\u00e7\u00e3o carcer\u00e1ria sejam imunizados e a execu\u00e7\u00e3o do protocolo de preven\u00e7\u00e3o ao Coronav\u00edrus, assegurado o fornecimento de m\u00e1scaras, protetores faciais, luvas, mat\u00e9rias de higiene e assepsia tais como \u00e1lcool em gel, sab\u00e3o l\u00edquido, e procedimentos de desinfec\u00e7\u00e3o di\u00e1rios dos ambientes prisionais.<\/p>\n<p>&nbsp;<\/p>\n<p>Ascom &#8211; SINSPEB<\/p>\n","protected":false},"excerpt":{"rendered":"<p>O Sindicato dos Servidores Penitenci\u00e1rios do Estado da Bahia (SINSPEB) denuncia um iminente foco de contamina\u00e7\u00e3o pelo Covid-19 no Conjunto<\/p>\n","protected":false},"author":3,"featured_media":1732,"comment_status":"open","ping_status":"open","sticky":false,"template":"","format":"standard","meta":{"colormag_page_container_layout":"default_layout","colormag_page_sidebar_layout":"default_layout","footnotes":""},"categories":[45,1,46],"tags":[],"class_list":["post-1739","post","type-post","status-publish","format-standard","has-post-thumbnail","hentry","category-importante","category-noticias","category-plantao-covid-19"],"_links":{"self":[{"href":"https:\/\/sinspeb.org.br\/index.php?rest_route=\/wp\/v2\/posts\/1739","targetHints":{"allow":["GET"]}}],"collection":[{"href":"https:\/\/sinspeb.org.br\/index.php?rest_route=\/wp\/v2\/posts"}],"about":[{"href":"https:\/\/sinspeb.org.br\/index.php?rest_route=\/wp\/v2\/types\/post"}],"author":[{"embeddable":true,"href":"https:\/\/sinspeb.org.br\/index.php?rest_route=\/wp\/v2\/users\/3"}],"replies":[{"embeddable":true,"href":"https:\/\/sinspeb.org.br\/index.php?rest_route=%2Fwp%2Fv2%2Fcomments&post=1739"}],"version-history":[{"count":4,"href":"https:\/\/sinspeb.org.br\/index.php?rest_route=\/wp\/v2\/posts\/1739\/revisions"}],"predecessor-version":[{"id":1743,"href":"https:\/\/sinspeb.org.br\/index.php?rest_route=\/wp\/v2\/posts\/1739\/revisions\/1743"}],"wp:featuredmedia":[{"embeddable":true,"href":"https:\/\/sinspeb.org.br\/index.php?rest_route=\/wp\/v2\/media\/1732"}],"wp:attachment":[{"href":"https:\/\/sinspeb.org.br\/index.php?rest_route=%2Fwp%2Fv2%2Fmedia&parent=1739"}],"wp:term":[{"taxonomy":"category","embeddable":true,"href":"https:\/\/sinspeb.org.br\/index.php?rest_route=%2Fwp%2Fv2%2Fcategories&post=1739"},{"taxonomy":"post_tag","embeddable":true,"href":"https:\/\/sinspeb.org.br\/index.php?rest_route=%2Fwp%2Fv2%2Ftags&post=1739"}],"curies":[{"name":"wp","href":"https:\/\/api.w.org\/{rel}","templated":true}]}}