{"id":1744,"date":"2021-03-04T22:55:33","date_gmt":"2021-03-05T01:55:33","guid":{"rendered":"http:\/\/sinspeb.org.br\/?p=1744"},"modified":"2021-03-04T22:55:33","modified_gmt":"2021-03-05T01:55:33","slug":"08-oito-suspeitos-de-envolvimento-no-planejamento-de-fugas-sao-removidos-do-presidio-de-salvador","status":"publish","type":"post","link":"https:\/\/sinspeb.org.br\/?p=1744","title":{"rendered":"08 (OITO) SUSPEITOS DE ENVOLVIMENTO NO PLANEJAMENTO DE FUGAS S\u00c3O REMOVIDOS DO PRES\u00cdDIO DE SALVADOR"},"content":{"rendered":"<p><img fetchpriority=\"high\" decoding=\"async\" class=\"size-medium wp-image-1745 aligncenter\" src=\"http:\/\/sinspeb.org.br\/wp-content\/uploads\/2021\/03\/1-300x300.jpg\" alt=\"\" width=\"300\" height=\"300\" srcset=\"https:\/\/sinspeb.org.br\/wp-content\/uploads\/2021\/03\/1-300x300.jpg 300w, https:\/\/sinspeb.org.br\/wp-content\/uploads\/2021\/03\/1-150x150.jpg 150w, https:\/\/sinspeb.org.br\/wp-content\/uploads\/2021\/03\/1.jpg 581w\" sizes=\"(max-width: 300px) 100vw, 300px\" \/><\/p>\n<p>&nbsp;<\/p>\n<p>Durante a manh\u00e3 de hoje (02.03.2021), no Pres\u00eddio de Salvador, que fica localizado dentro do Complexo Penitenci\u00e1rio de Salvador, foi realizada Opera\u00e7\u00e3o Coordenada pelos Policiais Penais da Unidade que teve por objetivo remover 08 (oito) presos suspeitos de envolvimento no planejamento das \u00faltimas fugas ocorridas no Estabelecimento Penal. Os Policiais Penais contaram com o apoio de Policiais Militares do Batalh\u00e3o de Pol\u00edcia de Guarda.<\/p>\n<p><img decoding=\"async\" class=\"size-medium wp-image-1746 aligncenter\" src=\"http:\/\/sinspeb.org.br\/wp-content\/uploads\/2021\/03\/2-161x300.jpg\" alt=\"\" width=\"161\" height=\"300\" srcset=\"https:\/\/sinspeb.org.br\/wp-content\/uploads\/2021\/03\/2-161x300.jpg 161w, https:\/\/sinspeb.org.br\/wp-content\/uploads\/2021\/03\/2.jpg 516w\" sizes=\"(max-width: 161px) 100vw, 161px\" \/><\/p>\n<p>Durante a opera\u00e7\u00e3o, celas foram revistadas e apreendidos v\u00e1rios materiais il\u00edcitos como celulares, carregadores de celular, facas e drogas.<\/p>\n<p><img decoding=\"async\" class=\"size-medium wp-image-1748 aligncenter\" src=\"http:\/\/sinspeb.org.br\/wp-content\/uploads\/2021\/03\/4-225x300.jpg\" alt=\"\" width=\"225\" height=\"300\" srcset=\"https:\/\/sinspeb.org.br\/wp-content\/uploads\/2021\/03\/4-225x300.jpg 225w, https:\/\/sinspeb.org.br\/wp-content\/uploads\/2021\/03\/4.jpg 719w\" sizes=\"(max-width: 225px) 100vw, 225px\" \/><\/p>\n<p>No \u00faltimo dia 07.02.2021, mais uma fuga ocorreu na Unidade Prisional, e na ocasi\u00e3o, 09 (nove) custodiados evadiram. Por esta raz\u00e3o, e mesmo enfrentando graves problemas operacionais, especialmente o grav\u00edssimo d\u00e9ficit de Policiais Penais, a Dire\u00e7\u00e3o da Unidade tem buscado medidas para reduzir o risco de novos epis\u00f3dios de fugas, como instala\u00e7\u00e3o de sistema de videomonitoramento, bem como a identifica\u00e7\u00e3o de internos envolvidos com planos de fuga e cometimentos de outros crimes.<\/p>\n<p><img loading=\"lazy\" decoding=\"async\" class=\"size-medium wp-image-1749 aligncenter\" src=\"http:\/\/sinspeb.org.br\/wp-content\/uploads\/2021\/03\/5-196x300.jpg\" alt=\"\" width=\"196\" height=\"300\" srcset=\"https:\/\/sinspeb.org.br\/wp-content\/uploads\/2021\/03\/5-196x300.jpg 196w, https:\/\/sinspeb.org.br\/wp-content\/uploads\/2021\/03\/5.jpg 626w\" sizes=\"(max-width: 196px) 100vw, 196px\" \/><\/p>\n<p>Os materiais confiscados demonstram que permanece a fragilidade da seguran\u00e7a perimetral, possibilitando que os criminosos se aproximem das muralhas e arremessem materiais diversos para o interior dos Estabelecimentos Penais.<\/p>\n<p><img loading=\"lazy\" decoding=\"async\" class=\"size-medium wp-image-1750 aligncenter\" src=\"http:\/\/sinspeb.org.br\/wp-content\/uploads\/2021\/03\/6-300x300.jpg\" alt=\"\" width=\"300\" height=\"300\" srcset=\"https:\/\/sinspeb.org.br\/wp-content\/uploads\/2021\/03\/6-300x300.jpg 300w, https:\/\/sinspeb.org.br\/wp-content\/uploads\/2021\/03\/6-150x150.jpg 150w, https:\/\/sinspeb.org.br\/wp-content\/uploads\/2021\/03\/6-768x768.jpg 768w, https:\/\/sinspeb.org.br\/wp-content\/uploads\/2021\/03\/6.jpg 868w\" sizes=\"(max-width: 300px) 100vw, 300px\" \/><\/p>\n<p>Ressaltamos que o Fundo Penitenci\u00e1rio Nacional-FUNPEN, j\u00e1 disponibilizou desde 2017, recursos destinados \u00e0 aquisi\u00e7\u00e3o de sistema de Circuito Fechado de Televis\u00e3o-CFTV e de bloqueadores de telefonia m\u00f3vel, por\u00e9m inexplicavelmente estes recursos ainda n\u00e3o foram utilizados pela Secretaria de Administra\u00e7\u00e3o Penitenci\u00e1ria e Ressocializa\u00e7\u00e3o da Bahia-SEAP-BA.<\/p>\n<p><img loading=\"lazy\" decoding=\"async\" class=\"size-medium wp-image-1751 aligncenter\" src=\"http:\/\/sinspeb.org.br\/wp-content\/uploads\/2021\/03\/8-300x300.jpg\" alt=\"\" width=\"300\" height=\"300\" srcset=\"https:\/\/sinspeb.org.br\/wp-content\/uploads\/2021\/03\/8-300x300.jpg 300w, https:\/\/sinspeb.org.br\/wp-content\/uploads\/2021\/03\/8-150x150.jpg 150w, https:\/\/sinspeb.org.br\/wp-content\/uploads\/2021\/03\/8.jpg 677w\" sizes=\"(max-width: 300px) 100vw, 300px\" \/><\/p>\n<p>O Sindicato dos Servidores Penitenci\u00e1rios do Estado da Bahia-SINSPEB, h\u00e1 muito tempo vem cobrando da SEAP o investimento em aparatos tecnol\u00f3gicos que s\u00e3o essenciais e indispens\u00e1veis para auxiliar os Policiais Penais, bem como a abertura de concurso p\u00fablico urgente para recompor o efetivo.<\/p>\n<p><img loading=\"lazy\" decoding=\"async\" class=\"size-medium wp-image-1752 aligncenter\" src=\"http:\/\/sinspeb.org.br\/wp-content\/uploads\/2021\/03\/9-300x300.jpg\" alt=\"\" width=\"300\" height=\"300\" srcset=\"https:\/\/sinspeb.org.br\/wp-content\/uploads\/2021\/03\/9-300x300.jpg 300w, https:\/\/sinspeb.org.br\/wp-content\/uploads\/2021\/03\/9-150x150.jpg 150w, https:\/\/sinspeb.org.br\/wp-content\/uploads\/2021\/03\/9-768x768.jpg 768w, https:\/\/sinspeb.org.br\/wp-content\/uploads\/2021\/03\/9.jpg 868w\" sizes=\"(max-width: 300px) 100vw, 300px\" \/><\/p>\n<p>Parabenizamos os Policiais Penais que com bravura executaram esta exitosa opera\u00e7\u00e3o.<\/p>\n<p>ASCOM \u2013 SINSPEB<\/p>\n","protected":false},"excerpt":{"rendered":"<p>&nbsp; Durante a manh\u00e3 de hoje (02.03.2021), no Pres\u00eddio de Salvador, que fica localizado dentro do Complexo Penitenci\u00e1rio de Salvador,<\/p>\n","protected":false},"author":3,"featured_media":1745,"comment_status":"open","ping_status":"open","sticky":false,"template":"","format":"standard","meta":{"colormag_page_container_layout":"default_layout","colormag_page_sidebar_layout":"default_layout","footnotes":""},"categories":[45,1],"tags":[],"class_list":["post-1744","post","type-post","status-publish","format-standard","has-post-thumbnail","hentry","category-importante","category-noticias"],"_links":{"self":[{"href":"https:\/\/sinspeb.org.br\/index.php?rest_route=\/wp\/v2\/posts\/1744","targetHints":{"allow":["GET"]}}],"collection":[{"href":"https:\/\/sinspeb.org.br\/index.php?rest_route=\/wp\/v2\/posts"}],"about":[{"href":"https:\/\/sinspeb.org.br\/index.php?rest_route=\/wp\/v2\/types\/post"}],"author":[{"embeddable":true,"href":"https:\/\/sinspeb.org.br\/index.php?rest_route=\/wp\/v2\/users\/3"}],"replies":[{"embeddable":true,"href":"https:\/\/sinspeb.org.br\/index.php?rest_route=%2Fwp%2Fv2%2Fcomments&post=1744"}],"version-history":[{"count":2,"href":"https:\/\/sinspeb.org.br\/index.php?rest_route=\/wp\/v2\/posts\/1744\/revisions"}],"predecessor-version":[{"id":1770,"href":"https:\/\/sinspeb.org.br\/index.php?rest_route=\/wp\/v2\/posts\/1744\/revisions\/1770"}],"wp:featuredmedia":[{"embeddable":true,"href":"https:\/\/sinspeb.org.br\/index.php?rest_route=\/wp\/v2\/media\/1745"}],"wp:attachment":[{"href":"https:\/\/sinspeb.org.br\/index.php?rest_route=%2Fwp%2Fv2%2Fmedia&parent=1744"}],"wp:term":[{"taxonomy":"category","embeddable":true,"href":"https:\/\/sinspeb.org.br\/index.php?rest_route=%2Fwp%2Fv2%2Fcategories&post=1744"},{"taxonomy":"post_tag","embeddable":true,"href":"https:\/\/sinspeb.org.br\/index.php?rest_route=%2Fwp%2Fv2%2Ftags&post=1744"}],"curies":[{"name":"wp","href":"https:\/\/api.w.org\/{rel}","templated":true}]}}