{"id":1754,"date":"2021-03-10T09:17:54","date_gmt":"2021-03-10T12:17:54","guid":{"rendered":"http:\/\/sinspeb.org.br\/?p=1754"},"modified":"2021-03-10T11:43:21","modified_gmt":"2021-03-10T14:43:21","slug":"pec-emergencial-votacao-dos-destaques","status":"publish","type":"post","link":"https:\/\/sinspeb.org.br\/?p=1754","title":{"rendered":"PEC Emergencial &#8211; Vota\u00e7\u00e3o dos Destaques"},"content":{"rendered":"<p><strong>Click no link para encaminhar o texto aos Parlamentares<\/strong><\/p>\n<p><strong><a href=\"mailto:dep.abiliosantana@camara.leg.br,%20dep.afonsoflorence@camara.leg.br,%20dep.alexsantana@camara.leg.br,%20dep.aliceportugal@camara.leg.br,%20dep.antoniobrito@camara.leg.br,%20dep.arthuroliveiramaia@camara.leg.br,%20dep.bacelar@camara.leg.br,%20dep.cacaleao@camara.leg.br,%20dep.charlesfernandes@camara.leg.br,%20dep.claudiocajado@camara.leg.br,%20dep.danielalmeida@camara.leg.br,%20dep.eduardobolsonaro@camara.leg.br,%20dep.elmarnascimento@camara.leg.br,%20dep.felixmendoncajunior@camara.leg.br,%20dep.igorkannario@camara.leg.br,%20dep.joaocarlosbacelar@camara.leg.br,%20dep.joaoroma@camara.leg.br,%20dep.jorgesolla@camara.leg.br,%20dep.josenunes@camara.leg.br,%20dep.joserocha@camara.leg.br,%20dep.leurlomantojunior@camara.leg.br,%20dep.lidicedamata@camara.leg.br,%20dep.marcelonilo@camara.leg.br,%20dep.marciomarinho@camara.leg.br,%20dep.marionegromontejr@camara.leg.br,%20dep.ottoalencarfilho@camara.leg.br,%20dep.pastorsargentoisidorio@camara.leg.br,%20dep.professoradayanepimentel@camara.leg.br,%20dep.raimundocosta@camara.leg.br,%20dep.sergiobrito@camara.leg.br,%20dep.tito@camara.leg.br,%20dep.ulduricojunior@camara.leg.br,%20dep.valmirassuncao@camara.leg.br?subject=Policiais%20e%20a%20PEC%20Emergencial&amp;body=Prezado%20deputado%2C%20n%C3%B3s%2C%20Servidores%20Policiais%20Penais%2C%20pedimos%20o%20seu%20valioso%20apoio%20aos%20destaques%20n%C2%BAs%209%2C%2012%2C%2013%2C%2014%20e%2015%20%2C%20que%20buscam%20ressalvar%20os%20servidores%20da%20seguran%C3%A7a%20p%C3%BAblica%2C%20profissionais%20de%20sa%C3%BAde%20e%20educa%C3%A7%C3%A3o%2C%20das%20restri%C3%A7%C3%B5es%20draconianas%20estabelecidas%20na%20PEC%20Emergencial.%0D%0ASe%20puder%20votar%20N%C3%83O%20%C3%A0%20manuten%C3%A7%C3%A3o%20dos%20dispositivos%20que%20estabelecem%20essa%20s%C3%A9rie%20de%20restri%C3%A7%C3%B5es%20que%20estabelecem%20grandes%20preju%C3%ADzos%20ao%20servi%C3%A7o%20p%C3%BAblico%2C%20seria%20muito%20importante%2C%20diante%20do%20seu%20hist%C3%B3rico%20de%20grande%20parceiro%20e%20defensor%20das%20for%C3%A7as%20policiais.%0D%0AEm%20resumo%2C%20nos%20casos%20de%20calamidade%20p%C3%BAblica%20(onde%20a%20categoria%20policial%20%C3%A9%20mais%20exigida)%20e%20quando%20a%20rela%C3%A7%C3%A3o%20despesa%2Freceita%20do%20ente%20federativo%20ultrapassa%2095%25%2C%20o%20texto%20aprovado%20no%20Senado%20Federal%20estabelece%20uma%20s%C3%A9rie%20de%20veda%C3%A7%C3%B5es%2C%20como%20contrata%C3%A7%C3%A3o%20de%20pessoal%2C%20concurso%20p%C3%BAblico%2C%20promo%C3%A7%C3%B5es%20e%20recomposi%C3%A7%C3%B5es%20salariais.%0D%0ANo%20caso%20espec%C3%ADfico%20dos%20Policiais%2C%20%C3%A9%20incoerente%20vedar%2C%20por%20exemplo%2C%20a%20realiza%C3%A7%C3%A3o%20de%20concurso%20p%C3%BAblico%20e%20contrata%C3%A7%C3%B5es%20em%20momentos%20de%20calamidade%2C%20bem%20como%20por%20anos%20a%20fio%2C%20nos%20casos%20envolvendo%20endividamento%20p%C3%BAblico%2C%20pois%20os%20maiores%20prejudicados%20ser%C3%A3o%20a%20pr%C3%B3pria%20popula%C3%A7%C3%A3o.%0D%0AVale%20ressaltar%20que%20muitos%20estados%20e%20a%20pr%C3%B3pria%20Uni%C3%A3o%20est%C3%A3o%20acima%20ou%20pr%C3%B3xima%20desse%20limite%20estabelecido%20na%20PEC%20emergencial%20para%20imposi%C3%A7%C3%A3o%20das%20restri%C3%A7%C3%B5es%2C%20em%20muitos%20casos%20por%20conta%20de%20corrup%C3%A7%C3%A3o%2C%20m%C3%A1%20gest%C3%A3o%20dos%20recursos%20p%C3%BAblicos%2C%20programas%20de%20ren%C3%BAncia%20de%20receitas%2C%20etc.%20E%20essa%20conta%20recair%20sobre%20os%20policiais%2C%20al%C3%A9m%20de%20injusto%2C%20representa%20um%20grande%20risco%20para%20a%20pr%C3%B3pria%20presta%C3%A7%C3%A3o%20dos%20servi%C3%A7os%20de%20seguran%C3%A7a%20p%C3%BAblica%2C%20que%20podem%20ser%20afetados%20diretamente%2C%20com%20a%20n%C3%A3o%20realiza%C3%A7%C3%A3o%20de%20concursos%20e%20contrata%C3%A7%C3%B5es%2C%20por%20exemplo.%0D%0ACerto%20de%20contar%20com%20o%20apoio%20da%20Vossa%20Excelencia%2C%20refor%C3%A7amos%20os%20protestos%20de%20estima%20e%20considera%C3%A7%C3%A3o.\">Click Aqui &#8211;&gt; Envie este texto para os deputados<\/a><\/strong><\/p>\n<p>Prezado deputado, n\u00f3s, Servidores Policiais Penais, pedimos o seu valioso apoio aos destaques n\u00bas 9, 12, 13, 14 e 15 , que buscam ressalvar os servidores da seguran\u00e7a p\u00fablica, profissionais de sa\u00fade e educa\u00e7\u00e3o, das restri\u00e7\u00f5es draconianas estabelecidas na PEC Emergencial 186\/2019.<\/p>\n<p>Se puder votar N\u00c3O \u00e0 manuten\u00e7\u00e3o dos dispositivos que estabelecem essa s\u00e9rie de restri\u00e7\u00f5es que estabelecem grandes preju\u00edzos ao servi\u00e7o p\u00fablico, seria muito importante, diante do seu hist\u00f3rico de grande parceiro e defensor das for\u00e7as policiais.<\/p>\n<p>Em resumo, nos casos de calamidade p\u00fablica (onde a categoria policial \u00e9 mais exigida) e quando a rela\u00e7\u00e3o despesa\/receita do ente federativo ultrapassa 95%, o texto aprovado no Senado Federal estabelece uma s\u00e9rie de veda\u00e7\u00f5es, como contrata\u00e7\u00e3o de pessoal, concurso p\u00fablico, promo\u00e7\u00f5es e recomposi\u00e7\u00f5es salariais.<\/p>\n<p>No caso espec\u00edfico dos Policiais, \u00e9 incoerente vedar, por exemplo, a realiza\u00e7\u00e3o de concurso p\u00fablico e contrata\u00e7\u00f5es em momentos de calamidade, bem como por anos a fio, nos casos envolvendo endividamento p\u00fablico, pois os maiores prejudicados ser\u00e3o a pr\u00f3pria popula\u00e7\u00e3o.<\/p>\n<p>Vale ressaltar que muitos estados e a pr\u00f3pria Uni\u00e3o est\u00e3o acima ou pr\u00f3xima desse limite estabelecido na PEC emergencial para imposi\u00e7\u00e3o das restri\u00e7\u00f5es, em muitos casos por conta de corrup\u00e7\u00e3o, m\u00e1 gest\u00e3o dos recursos p\u00fablicos, programas de ren\u00fancia de receitas, etc. E essa conta recair sobre os policiais, al\u00e9m de injusto, representa um grande risco para a pr\u00f3pria presta\u00e7\u00e3o dos servi\u00e7os de seguran\u00e7a p\u00fablica, que podem ser afetados diretamente, com a n\u00e3o realiza\u00e7\u00e3o de concursos e contrata\u00e7\u00f5es, por exemplo.<\/p>\n<p>Certo de contar com o apoio da Vossa Excel\u00eancia, refor\u00e7amos os protestos de estima e considera\u00e7\u00e3o.<\/p>\n","protected":false},"excerpt":{"rendered":"<p>Click no link para encaminhar o texto aos Parlamentares Click Aqui &#8211;&gt; Envie este texto para os deputados Prezado deputado,<\/p>\n","protected":false},"author":3,"featured_media":1760,"comment_status":"open","ping_status":"open","sticky":false,"template":"","format":"standard","meta":{"colormag_page_container_layout":"default_layout","colormag_page_sidebar_layout":"default_layout","footnotes":""},"categories":[45,1],"tags":[],"class_list":["post-1754","post","type-post","status-publish","format-standard","has-post-thumbnail","hentry","category-importante","category-noticias"],"_links":{"self":[{"href":"https:\/\/sinspeb.org.br\/index.php?rest_route=\/wp\/v2\/posts\/1754","targetHints":{"allow":["GET"]}}],"collection":[{"href":"https:\/\/sinspeb.org.br\/index.php?rest_route=\/wp\/v2\/posts"}],"about":[{"href":"https:\/\/sinspeb.org.br\/index.php?rest_route=\/wp\/v2\/types\/post"}],"author":[{"embeddable":true,"href":"https:\/\/sinspeb.org.br\/index.php?rest_route=\/wp\/v2\/users\/3"}],"replies":[{"embeddable":true,"href":"https:\/\/sinspeb.org.br\/index.php?rest_route=%2Fwp%2Fv2%2Fcomments&post=1754"}],"version-history":[{"count":11,"href":"https:\/\/sinspeb.org.br\/index.php?rest_route=\/wp\/v2\/posts\/1754\/revisions"}],"predecessor-version":[{"id":1766,"href":"https:\/\/sinspeb.org.br\/index.php?rest_route=\/wp\/v2\/posts\/1754\/revisions\/1766"}],"wp:featuredmedia":[{"embeddable":true,"href":"https:\/\/sinspeb.org.br\/index.php?rest_route=\/wp\/v2\/media\/1760"}],"wp:attachment":[{"href":"https:\/\/sinspeb.org.br\/index.php?rest_route=%2Fwp%2Fv2%2Fmedia&parent=1754"}],"wp:term":[{"taxonomy":"category","embeddable":true,"href":"https:\/\/sinspeb.org.br\/index.php?rest_route=%2Fwp%2Fv2%2Fcategories&post=1754"},{"taxonomy":"post_tag","embeddable":true,"href":"https:\/\/sinspeb.org.br\/index.php?rest_route=%2Fwp%2Fv2%2Ftags&post=1754"}],"curies":[{"name":"wp","href":"https:\/\/api.w.org\/{rel}","templated":true}]}}