{"id":1771,"date":"2021-03-10T15:41:57","date_gmt":"2021-03-10T18:41:57","guid":{"rendered":"http:\/\/sinspeb.org.br\/?p=1771"},"modified":"2021-03-10T18:31:15","modified_gmt":"2021-03-10T21:31:15","slug":"gestao-ufc-homenageia-as-guerreiras-do-sistema-prisional","status":"publish","type":"post","link":"https:\/\/sinspeb.org.br\/?p=1771","title":{"rendered":"GEST\u00c3O UFC HOMENAGEIA AS GUERREIRAS DO SISTEMA PRISIONAL"},"content":{"rendered":"<p>Na segunda-feira (08.03.2021), foi comemorado o Dia Internacional da Mulher, e em virtude disso, os representantes da Gest\u00e3o UFC, Reivon e Jorge, fizeram uma surpresa para as guerreiras Policiais Penais e Servidoras Penitenci\u00e1rias.<\/p>\n<p>Respeitando as restri\u00e7\u00f5es impostas pelo atual cen\u00e1rio pand\u00eamico, foram distribu\u00eddas lembrancinhas para as homenageadas como uma forma de demonstrar o grande carinho que o Sindicato dos Servidores Penitenci\u00e1rios do Estado da Bahia-SINSPEB, tem pelas companheiras de luta.<\/p>\n<p>Foram visitadas as Unidades: Pres\u00eddio de Salvador-PS, Penitenci\u00e1ria Lemos Brito-PLB, Conjunto Penal Feminino-CPF, Cadeia P\u00fablica de Salvador-CPS, Centro de Observa\u00e7\u00e3o Penal-COP, Unidade Especial Disciplinar-UED, Col\u00f4nia Penal Lafayete Coutinho-CPLC, Col\u00f4nia Penal de Sim\u00f5es Filho-CPSF, Hospital de Cust\u00f3dia e Tratamento-HCT, como tamb\u00e9m a Coordena\u00e7\u00e3o de Monitoramento e Avalia\u00e7\u00e3o do Sistema Prisional-CMASP, a Central de Servi\u00e7o Penitenci\u00e1rio-CESP, o Conjunto Penal de Feira de Santana-CPFS, e o Grupo Especial de Opera\u00e7\u00f5es Prisionais-GEOP.<\/p>\n<p>A GEST\u00c3O UFC ENALTECE AS MULHERES!<\/p>\n<p>&nbsp;<\/p>\n<p>Salvador 10 de mar\u00e7o de 2021<\/p>\n<p>ASCOM &#8211; SINSPPEB<\/p>\n<div style=\"width: 720px;\" class=\"wp-video\"><!--[if lt IE 9]><script>document.createElement('video');<\/script><![endif]-->\n<video class=\"wp-video-shortcode\" id=\"video-1771-1\" width=\"720\" height=\"720\" preload=\"metadata\" controls=\"controls\"><source type=\"video\/mp4\" src=\"http:\/\/sinspeb.org.br\/wp-content\/uploads\/2021\/03\/VID_38921008_120420_141.mp4?_=1\" \/><a href=\"http:\/\/sinspeb.org.br\/wp-content\/uploads\/2021\/03\/VID_38921008_120420_141.mp4\">http:\/\/sinspeb.org.br\/wp-content\/uploads\/2021\/03\/VID_38921008_120420_141.mp4<\/a><\/video><\/div>\n<p>&nbsp;<\/p>\n","protected":false},"excerpt":{"rendered":"<p>Na segunda-feira (08.03.2021), foi comemorado o Dia Internacional da Mulher, e em virtude disso, os representantes da Gest\u00e3o UFC, Reivon<\/p>\n","protected":false},"author":3,"featured_media":1806,"comment_status":"open","ping_status":"open","sticky":false,"template":"","format":"standard","meta":{"colormag_page_container_layout":"default_layout","colormag_page_sidebar_layout":"default_layout","footnotes":""},"categories":[2,1],"tags":[],"class_list":["post-1771","post","type-post","status-publish","format-standard","has-post-thumbnail","hentry","category-eventos","category-noticias"],"_links":{"self":[{"href":"https:\/\/sinspeb.org.br\/index.php?rest_route=\/wp\/v2\/posts\/1771","targetHints":{"allow":["GET"]}}],"collection":[{"href":"https:\/\/sinspeb.org.br\/index.php?rest_route=\/wp\/v2\/posts"}],"about":[{"href":"https:\/\/sinspeb.org.br\/index.php?rest_route=\/wp\/v2\/types\/post"}],"author":[{"embeddable":true,"href":"https:\/\/sinspeb.org.br\/index.php?rest_route=\/wp\/v2\/users\/3"}],"replies":[{"embeddable":true,"href":"https:\/\/sinspeb.org.br\/index.php?rest_route=%2Fwp%2Fv2%2Fcomments&post=1771"}],"version-history":[{"count":2,"href":"https:\/\/sinspeb.org.br\/index.php?rest_route=\/wp\/v2\/posts\/1771\/revisions"}],"predecessor-version":[{"id":1774,"href":"https:\/\/sinspeb.org.br\/index.php?rest_route=\/wp\/v2\/posts\/1771\/revisions\/1774"}],"wp:featuredmedia":[{"embeddable":true,"href":"https:\/\/sinspeb.org.br\/index.php?rest_route=\/wp\/v2\/media\/1806"}],"wp:attachment":[{"href":"https:\/\/sinspeb.org.br\/index.php?rest_route=%2Fwp%2Fv2%2Fmedia&parent=1771"}],"wp:term":[{"taxonomy":"category","embeddable":true,"href":"https:\/\/sinspeb.org.br\/index.php?rest_route=%2Fwp%2Fv2%2Fcategories&post=1771"},{"taxonomy":"post_tag","embeddable":true,"href":"https:\/\/sinspeb.org.br\/index.php?rest_route=%2Fwp%2Fv2%2Ftags&post=1771"}],"curies":[{"name":"wp","href":"https:\/\/api.w.org\/{rel}","templated":true}]}}