{"id":1797,"date":"2021-03-10T18:13:50","date_gmt":"2021-03-10T21:13:50","guid":{"rendered":"http:\/\/sinspeb.org.br\/?p=1797"},"modified":"2021-04-20T12:27:12","modified_gmt":"2021-04-20T15:27:12","slug":"policiais-penais-do-cpfs-realizam-doacoes-de-cestas-basicas","status":"publish","type":"post","link":"https:\/\/sinspeb.org.br\/?p=1797","title":{"rendered":"POLICIAIS PENAIS DO CPFS REALIZAM DOA\u00c7\u00d5ES DE CESTAS B\u00c1SICAS"},"content":{"rendered":"<p>Ontem (09.03.2021), os Policiais Penais do Conjunto Penal de Feira de Santana-CPFS, que fazem parte da Campanha CORRENTE DO BEM, realizaram mais uma doa\u00e7\u00e3o de Cestas B\u00e1sicas.<\/p>\n<p><img fetchpriority=\"high\" decoding=\"async\" class=\"alignnone size-medium wp-image-1785\" src=\"http:\/\/sinspeb.org.br\/wp-content\/uploads\/2021\/03\/IMG_20210310_160852_743-300x300.jpg\" alt=\"\" width=\"300\" height=\"300\" srcset=\"https:\/\/sinspeb.org.br\/wp-content\/uploads\/2021\/03\/IMG_20210310_160852_743-300x300.jpg 300w, https:\/\/sinspeb.org.br\/wp-content\/uploads\/2021\/03\/IMG_20210310_160852_743-150x150.jpg 150w, https:\/\/sinspeb.org.br\/wp-content\/uploads\/2021\/03\/IMG_20210310_160852_743-768x768.jpg 768w, https:\/\/sinspeb.org.br\/wp-content\/uploads\/2021\/03\/IMG_20210310_160852_743.jpg 864w\" sizes=\"(max-width: 300px) 100vw, 300px\" \/><\/p>\n<p>Desta vez, foram entregues 50 (cinquenta) cestas para a Associa\u00e7\u00e3o de Apoio \u00e0s Pessoas com C\u00e2ncer-AAPC. Sendo assim, com esta entrega j\u00e1 s\u00e3o mais de 750 (setecentas e cinquenta) cestas doadas em v\u00e1rios bairros carentes e tamb\u00e9m para Associa\u00e7\u00f5es filantr\u00f3picas.<\/p>\n<p><img decoding=\"async\" class=\"alignnone size-medium wp-image-1787\" src=\"http:\/\/sinspeb.org.br\/wp-content\/uploads\/2021\/03\/IMG_20210310_160852_765-300x300.jpg\" alt=\"\" width=\"300\" height=\"300\" srcset=\"https:\/\/sinspeb.org.br\/wp-content\/uploads\/2021\/03\/IMG_20210310_160852_765-300x300.jpg 300w, https:\/\/sinspeb.org.br\/wp-content\/uploads\/2021\/03\/IMG_20210310_160852_765-150x150.jpg 150w, https:\/\/sinspeb.org.br\/wp-content\/uploads\/2021\/03\/IMG_20210310_160852_765-768x768.jpg 768w, https:\/\/sinspeb.org.br\/wp-content\/uploads\/2021\/03\/IMG_20210310_160852_765.jpg 811w\" sizes=\"(max-width: 300px) 100vw, 300px\" \/><\/p>\n<p>Vale ressaltar que esta Campanha foi idealizada pelos Policiais Penais do CPFS ano passado, logo no in\u00edcio da pandemia. Os guerreiros de Feira tiveram a bel\u00edssima iniciativa de al\u00e9m de doarem alimentos, tamb\u00e9m arrecadarem v\u00edveres entre seus parentes, amigos e colegas das Unidades de Feira de Santana, Jequi\u00e9, Paulo Afonso e Salvador com a finalidade de ajudar os necessitados.<\/p>\n<p><img decoding=\"async\" class=\"alignnone size-medium wp-image-2077\" src=\"http:\/\/sinspeb.org.br\/wp-content\/uploads\/2021\/03\/IMG-20210310-WA0041-227x300.jpg\" alt=\"\" width=\"227\" height=\"300\" srcset=\"https:\/\/sinspeb.org.br\/wp-content\/uploads\/2021\/03\/IMG-20210310-WA0041-227x300.jpg 227w, https:\/\/sinspeb.org.br\/wp-content\/uploads\/2021\/03\/IMG-20210310-WA0041.jpg 756w\" sizes=\"(max-width: 227px) 100vw, 227px\" \/><\/p>\n<p>&nbsp;<\/p>\n<p>Os Policiais Penais do CPFS agradecem a todos os que t\u00eam colaborado com esta campanha de solidariedade e amor.<\/p>\n<p><img loading=\"lazy\" decoding=\"async\" class=\"alignnone size-medium wp-image-1788\" src=\"http:\/\/sinspeb.org.br\/wp-content\/uploads\/2021\/03\/IMG_20210310_160852_852-300x300.jpg\" alt=\"\" width=\"300\" height=\"300\" srcset=\"https:\/\/sinspeb.org.br\/wp-content\/uploads\/2021\/03\/IMG_20210310_160852_852-300x300.jpg 300w, https:\/\/sinspeb.org.br\/wp-content\/uploads\/2021\/03\/IMG_20210310_160852_852-1024x1024.jpg 1024w, https:\/\/sinspeb.org.br\/wp-content\/uploads\/2021\/03\/IMG_20210310_160852_852-150x150.jpg 150w, https:\/\/sinspeb.org.br\/wp-content\/uploads\/2021\/03\/IMG_20210310_160852_852-768x768.jpg 768w, https:\/\/sinspeb.org.br\/wp-content\/uploads\/2021\/03\/IMG_20210310_160852_852.jpg 1080w\" sizes=\"(max-width: 300px) 100vw, 300px\" \/><\/p>\n<p>A Diretoria do Sindicato dos Servidores Penitenci\u00e1rios do Estado da Bahia-SINSPEB, se orgulha desses companheiros que com suas a\u00e7\u00f5es fazem a diferen\u00e7a no Sistema Prisional.<\/p>\n<p>N\u00e3o deixe essa Corrente do Bem quebrar! Juntos somos mais fortes! \ud83e\udd1c\ud83c\udffc\ud83e\udd1b\ud83c\udffc<\/p>\n<p>&nbsp;<\/p>\n<p>ASCOM-SINSPEB<\/p>\n","protected":false},"excerpt":{"rendered":"<p>Ontem (09.03.2021), os Policiais Penais do Conjunto Penal de Feira de Santana-CPFS, que fazem parte da Campanha CORRENTE DO BEM,<\/p>\n","protected":false},"author":3,"featured_media":1793,"comment_status":"open","ping_status":"open","sticky":false,"template":"","format":"standard","meta":{"colormag_page_container_layout":"default_layout","colormag_page_sidebar_layout":"default_layout","footnotes":""},"categories":[45,1],"tags":[],"class_list":["post-1797","post","type-post","status-publish","format-standard","has-post-thumbnail","hentry","category-importante","category-noticias"],"_links":{"self":[{"href":"https:\/\/sinspeb.org.br\/index.php?rest_route=\/wp\/v2\/posts\/1797","targetHints":{"allow":["GET"]}}],"collection":[{"href":"https:\/\/sinspeb.org.br\/index.php?rest_route=\/wp\/v2\/posts"}],"about":[{"href":"https:\/\/sinspeb.org.br\/index.php?rest_route=\/wp\/v2\/types\/post"}],"author":[{"embeddable":true,"href":"https:\/\/sinspeb.org.br\/index.php?rest_route=\/wp\/v2\/users\/3"}],"replies":[{"embeddable":true,"href":"https:\/\/sinspeb.org.br\/index.php?rest_route=%2Fwp%2Fv2%2Fcomments&post=1797"}],"version-history":[{"count":3,"href":"https:\/\/sinspeb.org.br\/index.php?rest_route=\/wp\/v2\/posts\/1797\/revisions"}],"predecessor-version":[{"id":2076,"href":"https:\/\/sinspeb.org.br\/index.php?rest_route=\/wp\/v2\/posts\/1797\/revisions\/2076"}],"wp:featuredmedia":[{"embeddable":true,"href":"https:\/\/sinspeb.org.br\/index.php?rest_route=\/wp\/v2\/media\/1793"}],"wp:attachment":[{"href":"https:\/\/sinspeb.org.br\/index.php?rest_route=%2Fwp%2Fv2%2Fmedia&parent=1797"}],"wp:term":[{"taxonomy":"category","embeddable":true,"href":"https:\/\/sinspeb.org.br\/index.php?rest_route=%2Fwp%2Fv2%2Fcategories&post=1797"},{"taxonomy":"post_tag","embeddable":true,"href":"https:\/\/sinspeb.org.br\/index.php?rest_route=%2Fwp%2Fv2%2Ftags&post=1797"}],"curies":[{"name":"wp","href":"https:\/\/api.w.org\/{rel}","templated":true}]}}