{"id":1814,"date":"2021-03-11T14:06:29","date_gmt":"2021-03-11T17:06:29","guid":{"rendered":"http:\/\/sinspeb.org.br\/?p=1814"},"modified":"2021-03-11T14:06:29","modified_gmt":"2021-03-11T17:06:29","slug":"bandidos-invadem-complexo-penitenciario-de-salvador-e-fazem-motorista-de-caminhao-refem","status":"publish","type":"post","link":"https:\/\/sinspeb.org.br\/?p=1814","title":{"rendered":"BANDIDOS INVADEM COMPLEXO PENITENCI\u00c1RIO DE SALVADOR E FAZEM MOTORISTA DE CAMINH\u00c3O REF\u00c9M"},"content":{"rendered":"<p>Na data de ontem (10.03.2021), por volta da 10h00min, 04 (quatro) homens invadiram o Complexo Penitenci\u00e1rio de Salvador. Eles usaram a mata para ter acesso ao Complexo com o objetivo de arremessar materiais il\u00edcitos diversos para o interior do Pres\u00eddio de Salvador.<\/p>\n<p>Os Policiais Penais que estavam de plant\u00e3o perceberam a movimenta\u00e7\u00e3o entre os internos que conseguiram acessar a muralha escalando a estrutura, possivelmente para apanhar os materiais que caem no local provenientes de arremessos. A coordena\u00e7\u00e3o de seguran\u00e7a do Estabelecimento Penal foi acionada e os Policiais se deslocaram para a \u00e1rea externa para localizar os criminosos.<\/p>\n<p>Chegando ao local onde se encontravam os meliantes, iniciou-se intensa troca de tiros entre eles e os militares, por\u00e9m os indiv\u00edduos evadiram pela mata a dentro. Havia outra guarni\u00e7\u00e3o militar posicionada na sa\u00edda da Av. Gal Costa, impedindo a fuga pelo local.<\/p>\n<p><img fetchpriority=\"high\" decoding=\"async\" class=\"alignnone size-medium wp-image-1815\" src=\"http:\/\/sinspeb.org.br\/wp-content\/uploads\/2021\/03\/PicsArt_03-11-11.00.42-169x300.jpg\" alt=\"\" width=\"169\" height=\"300\" srcset=\"https:\/\/sinspeb.org.br\/wp-content\/uploads\/2021\/03\/PicsArt_03-11-11.00.42-169x300.jpg 169w, https:\/\/sinspeb.org.br\/wp-content\/uploads\/2021\/03\/PicsArt_03-11-11.00.42-576x1024.jpg 576w, https:\/\/sinspeb.org.br\/wp-content\/uploads\/2021\/03\/PicsArt_03-11-11.00.42.jpg 720w\" sizes=\"(max-width: 169px) 100vw, 169px\" \/><\/p>\n<p>Vale salientar que um dos meliantes foi capturado ainda na mata, j\u00e1 outro foi baleado na m\u00e3o e tentou sair andando pela portaria principal do Complexo, sendo capturado. Os outros (02) dois bandidos tomaram de assalto o caminh\u00e3o que faz o transporte na f\u00e1brica de blocos instalada dentro do Complexo, eles fugiram levando o motorista do caminh\u00e3o como ref\u00e9m.<\/p>\n<p><img decoding=\"async\" class=\"alignnone size-medium wp-image-1817\" src=\"http:\/\/sinspeb.org.br\/wp-content\/uploads\/2021\/03\/PicsArt_03-11-10.34.32-169x300.jpg\" alt=\"\" width=\"169\" height=\"300\" srcset=\"https:\/\/sinspeb.org.br\/wp-content\/uploads\/2021\/03\/PicsArt_03-11-10.34.32-169x300.jpg 169w, https:\/\/sinspeb.org.br\/wp-content\/uploads\/2021\/03\/PicsArt_03-11-10.34.32-576x1024.jpg 576w, https:\/\/sinspeb.org.br\/wp-content\/uploads\/2021\/03\/PicsArt_03-11-10.34.32.jpg 720w\" sizes=\"(max-width: 169px) 100vw, 169px\" \/><\/p>\n<p>Logo ap\u00f3s a fuga, o motorista foi liberado na regi\u00e3o da Gal Costa, sendo resgatado pelos Policiais Penais do Grupo Especial de Opera\u00e7\u00f5es Prisionais-GEOP. Os criminosos presos foram apresentados na Central de Flagrantes pelos militares do Batalh\u00e3o de Pol\u00edcia de Guarda.<\/p>\n<p>O Sindicato dos Servidores Penitenci\u00e1rios do Estado da Bahia-SINSPEB, h\u00e1 muito tempo vem cobrando da Superintend\u00eancia de Gest\u00e3o Prisional-SGP, provid\u00eancias no sentido de resolver a vulnerabilidade de seguran\u00e7a do Complexo Penitenci\u00e1rio. Desde 2017 que o Minist\u00e9rio P\u00fablico j\u00e1 havia estipulado prazo para que a Secretaria de Administra\u00e7\u00e3o Penitenci\u00e1ria e Ressocializa\u00e7\u00e3o-SEAP, apresentasse um plano de a\u00e7\u00e3o para resolver a quest\u00e3o, por\u00e9m 04 (quatro) anos j\u00e1 se passaram e a situa\u00e7\u00e3o piora a cada dia.<\/p>\n<p>A Diretoria do SINSPEB permanece cobrando da SEAP-BA o investimento em aparatos tecnol\u00f3gicos que s\u00e3o essenciais e indispens\u00e1veis para auxiliar os Policiais Penais no procedimento de vigil\u00e2ncia , bem como a abertura de concurso p\u00fablico urgente para recompor o efetivo de Policiais Penais, pois s\u00f3 assim, poder\u00e1 ser evitada a entrada dos meliantes no Complexo Penitenci\u00e1rio de Salvador.<\/p>\n<p>Salvador, 11 de mar\u00e7o de 2021<\/p>\n<p>ASCOM \u2013 SINSPPEB<\/p>\n","protected":false},"excerpt":{"rendered":"<p>Na data de ontem (10.03.2021), por volta da 10h00min, 04 (quatro) homens invadiram o Complexo Penitenci\u00e1rio de Salvador. Eles usaram<\/p>\n","protected":false},"author":3,"featured_media":1818,"comment_status":"open","ping_status":"open","sticky":false,"template":"","format":"standard","meta":{"colormag_page_container_layout":"default_layout","colormag_page_sidebar_layout":"default_layout","footnotes":""},"categories":[45,1],"tags":[],"class_list":["post-1814","post","type-post","status-publish","format-standard","has-post-thumbnail","hentry","category-importante","category-noticias"],"_links":{"self":[{"href":"https:\/\/sinspeb.org.br\/index.php?rest_route=\/wp\/v2\/posts\/1814","targetHints":{"allow":["GET"]}}],"collection":[{"href":"https:\/\/sinspeb.org.br\/index.php?rest_route=\/wp\/v2\/posts"}],"about":[{"href":"https:\/\/sinspeb.org.br\/index.php?rest_route=\/wp\/v2\/types\/post"}],"author":[{"embeddable":true,"href":"https:\/\/sinspeb.org.br\/index.php?rest_route=\/wp\/v2\/users\/3"}],"replies":[{"embeddable":true,"href":"https:\/\/sinspeb.org.br\/index.php?rest_route=%2Fwp%2Fv2%2Fcomments&post=1814"}],"version-history":[{"count":1,"href":"https:\/\/sinspeb.org.br\/index.php?rest_route=\/wp\/v2\/posts\/1814\/revisions"}],"predecessor-version":[{"id":1819,"href":"https:\/\/sinspeb.org.br\/index.php?rest_route=\/wp\/v2\/posts\/1814\/revisions\/1819"}],"wp:featuredmedia":[{"embeddable":true,"href":"https:\/\/sinspeb.org.br\/index.php?rest_route=\/wp\/v2\/media\/1818"}],"wp:attachment":[{"href":"https:\/\/sinspeb.org.br\/index.php?rest_route=%2Fwp%2Fv2%2Fmedia&parent=1814"}],"wp:term":[{"taxonomy":"category","embeddable":true,"href":"https:\/\/sinspeb.org.br\/index.php?rest_route=%2Fwp%2Fv2%2Fcategories&post=1814"},{"taxonomy":"post_tag","embeddable":true,"href":"https:\/\/sinspeb.org.br\/index.php?rest_route=%2Fwp%2Fv2%2Ftags&post=1814"}],"curies":[{"name":"wp","href":"https:\/\/api.w.org\/{rel}","templated":true}]}}