{"id":1825,"date":"2021-03-15T12:31:27","date_gmt":"2021-03-15T15:31:27","guid":{"rendered":"http:\/\/sinspeb.org.br\/?p=1825"},"modified":"2021-03-15T13:00:57","modified_gmt":"2021-03-15T16:00:57","slug":"diretoria-do-sinsppeb-visita-unidades-prisionais-para-apresentar-novo-veiculo-a-categoria","status":"publish","type":"post","link":"https:\/\/sinspeb.org.br\/?p=1825","title":{"rendered":"DIRETORIA DO SINSPPEB VISITA UNIDADES PRISIONAIS PARA APRESENTAR NOVO VE\u00cdCULO \u00c0 CATEGORIA"},"content":{"rendered":"<p>Nos dias 11, 12 e 13 de mar\u00e7o do ano corrente, os representantes da Diretoria, Reivon e Jorge visitaram as Unidades da Capital, Regi\u00e3o Metropolitana e Interior para apresentarem a mais nova aquisi\u00e7\u00e3o do Sindicato dos Servidores Penitenci\u00e1rios do Estado da Bahia-SINSPEB, um potente ve\u00edculo NISSAN FRONTIER.<\/p>\n<div style=\"width: 480px;\" class=\"wp-video\"><!--[if lt IE 9]><script>document.createElement('video');<\/script><![endif]-->\n<video class=\"wp-video-shortcode\" id=\"video-1825-1\" width=\"480\" height=\"480\" preload=\"metadata\" controls=\"controls\"><source type=\"video\/mp4\" src=\"http:\/\/sinspeb.org.br\/wp-content\/uploads\/2021\/03\/Reivon-Frontier1.mp4?_=1\" \/><a href=\"http:\/\/sinspeb.org.br\/wp-content\/uploads\/2021\/03\/Reivon-Frontier1.mp4\">http:\/\/sinspeb.org.br\/wp-content\/uploads\/2021\/03\/Reivon-Frontier1.mp4<\/a><\/video><\/div>\n<p>&nbsp;<\/p>\n<p>Vale ressaltar que a Gest\u00e3o Uni\u00e3o, For\u00e7a e Conquistas-UFC j\u00e1 adquiriu uma Sede Social em Am\u00e9lia Rodrigues e uma Sede Administrativa no bairro da Pituba em Salvador. Al\u00e9m disso, o Hotel de Tr\u00e2nsito j\u00e1 est\u00e1 bem pr\u00f3ximo de ser alugado e a depender da demanda, futuramente tamb\u00e9m far\u00e1 parte do patrim\u00f4nio do SINSPPEB.<\/p>\n<div style=\"width: 480px;\" class=\"wp-video\"><video class=\"wp-video-shortcode\" id=\"video-1825-2\" width=\"480\" height=\"480\" preload=\"metadata\" controls=\"controls\"><source type=\"video\/mp4\" src=\"http:\/\/sinspeb.org.br\/wp-content\/uploads\/2021\/03\/VID_55140818_174633_244.mp4?_=2\" \/><a href=\"http:\/\/sinspeb.org.br\/wp-content\/uploads\/2021\/03\/VID_55140818_174633_244.mp4\">http:\/\/sinspeb.org.br\/wp-content\/uploads\/2021\/03\/VID_55140818_174633_244.mp4<\/a><\/video><\/div>\n<p>GEST\u00c3O UFC: SEMPRE PENSANDO NO BEM DA CATEGORIA!<\/p>\n<p>Salvador, 15 de mar\u00e7o de 2021<\/p>\n<p>ASCOM-SINSPPEB<\/p>\n","protected":false},"excerpt":{"rendered":"<p>Nos dias 11, 12 e 13 de mar\u00e7o do ano corrente, os representantes da Diretoria, Reivon e Jorge visitaram as<\/p>\n","protected":false},"author":3,"featured_media":1828,"comment_status":"open","ping_status":"open","sticky":false,"template":"","format":"standard","meta":{"colormag_page_container_layout":"default_layout","colormag_page_sidebar_layout":"default_layout","footnotes":""},"categories":[45,1],"tags":[],"class_list":["post-1825","post","type-post","status-publish","format-standard","has-post-thumbnail","hentry","category-importante","category-noticias"],"_links":{"self":[{"href":"https:\/\/sinspeb.org.br\/index.php?rest_route=\/wp\/v2\/posts\/1825","targetHints":{"allow":["GET"]}}],"collection":[{"href":"https:\/\/sinspeb.org.br\/index.php?rest_route=\/wp\/v2\/posts"}],"about":[{"href":"https:\/\/sinspeb.org.br\/index.php?rest_route=\/wp\/v2\/types\/post"}],"author":[{"embeddable":true,"href":"https:\/\/sinspeb.org.br\/index.php?rest_route=\/wp\/v2\/users\/3"}],"replies":[{"embeddable":true,"href":"https:\/\/sinspeb.org.br\/index.php?rest_route=%2Fwp%2Fv2%2Fcomments&post=1825"}],"version-history":[{"count":4,"href":"https:\/\/sinspeb.org.br\/index.php?rest_route=\/wp\/v2\/posts\/1825\/revisions"}],"predecessor-version":[{"id":1831,"href":"https:\/\/sinspeb.org.br\/index.php?rest_route=\/wp\/v2\/posts\/1825\/revisions\/1831"}],"wp:featuredmedia":[{"embeddable":true,"href":"https:\/\/sinspeb.org.br\/index.php?rest_route=\/wp\/v2\/media\/1828"}],"wp:attachment":[{"href":"https:\/\/sinspeb.org.br\/index.php?rest_route=%2Fwp%2Fv2%2Fmedia&parent=1825"}],"wp:term":[{"taxonomy":"category","embeddable":true,"href":"https:\/\/sinspeb.org.br\/index.php?rest_route=%2Fwp%2Fv2%2Fcategories&post=1825"},{"taxonomy":"post_tag","embeddable":true,"href":"https:\/\/sinspeb.org.br\/index.php?rest_route=%2Fwp%2Fv2%2Ftags&post=1825"}],"curies":[{"name":"wp","href":"https:\/\/api.w.org\/{rel}","templated":true}]}}