{"id":1869,"date":"2021-03-19T15:09:51","date_gmt":"2021-03-19T18:09:51","guid":{"rendered":"http:\/\/sinspeb.org.br\/?p=1869"},"modified":"2021-03-19T15:09:51","modified_gmt":"2021-03-19T18:09:51","slug":"convocacao-para-mobilizacao-por-uma-hora","status":"publish","type":"post","link":"https:\/\/sinspeb.org.br\/?p=1869","title":{"rendered":"CONVOCA\u00c7\u00c3O PARA MOBILIZA\u00c7\u00c3O POR UMA HORA!"},"content":{"rendered":"<p style=\"text-align: left;\">O Presidente do Sindicato dos Servidores Penitenci\u00e1rios do Estado da Bahia-SINSPEB, Reivon Pimentel informa que na pr\u00f3xima segunda (22.03.21), ocorrer\u00e1 MOBILIZA\u00c7\u00c3O POR UMA HORA, em atendimento a delibera\u00e7\u00e3o da Federa\u00e7\u00e3o Sindical Nacional dos Servidores Penitenci\u00e1rios e Policiais Penais-FENASPPEN, que em Reuni\u00e3o conjunta com todos os membros da Uni\u00e3o dos Policiais do Brasil-UPB decidiram parar todas as atividades das 15h \u00e0s 16h em protesto contra a aprova\u00e7\u00e3o da Proposta de Emenda \u00e0 Constitui\u00e7\u00e3o-PEC n\u00b0 186\/2019 e contra a Reforma Administrativa (PEC n\u00b0 32\/2020) que j\u00e1 est\u00e1 em tramita\u00e7\u00e3o, na imin\u00eancia de ser aprovada.<\/p>\n<p>CONTAMOS COM O APOIO DE TODOS(AS). JUNTOS SOMOS MAIS FORTES!!!<\/p>\n<p>Salvador, 19 de mar\u00e7o de 2021<\/p>\n<p>ASCOM-SINSPPEB<\/p>\n","protected":false},"excerpt":{"rendered":"<p>O Presidente do Sindicato dos Servidores Penitenci\u00e1rios do Estado da Bahia-SINSPEB, Reivon Pimentel informa que na pr\u00f3xima segunda (22.03.21), ocorrer\u00e1<\/p>\n","protected":false},"author":3,"featured_media":1870,"comment_status":"open","ping_status":"open","sticky":false,"template":"","format":"standard","meta":{"colormag_page_container_layout":"default_layout","colormag_page_sidebar_layout":"default_layout","footnotes":""},"categories":[45,1],"tags":[],"class_list":["post-1869","post","type-post","status-publish","format-standard","has-post-thumbnail","hentry","category-importante","category-noticias"],"_links":{"self":[{"href":"https:\/\/sinspeb.org.br\/index.php?rest_route=\/wp\/v2\/posts\/1869","targetHints":{"allow":["GET"]}}],"collection":[{"href":"https:\/\/sinspeb.org.br\/index.php?rest_route=\/wp\/v2\/posts"}],"about":[{"href":"https:\/\/sinspeb.org.br\/index.php?rest_route=\/wp\/v2\/types\/post"}],"author":[{"embeddable":true,"href":"https:\/\/sinspeb.org.br\/index.php?rest_route=\/wp\/v2\/users\/3"}],"replies":[{"embeddable":true,"href":"https:\/\/sinspeb.org.br\/index.php?rest_route=%2Fwp%2Fv2%2Fcomments&post=1869"}],"version-history":[{"count":1,"href":"https:\/\/sinspeb.org.br\/index.php?rest_route=\/wp\/v2\/posts\/1869\/revisions"}],"predecessor-version":[{"id":1871,"href":"https:\/\/sinspeb.org.br\/index.php?rest_route=\/wp\/v2\/posts\/1869\/revisions\/1871"}],"wp:featuredmedia":[{"embeddable":true,"href":"https:\/\/sinspeb.org.br\/index.php?rest_route=\/wp\/v2\/media\/1870"}],"wp:attachment":[{"href":"https:\/\/sinspeb.org.br\/index.php?rest_route=%2Fwp%2Fv2%2Fmedia&parent=1869"}],"wp:term":[{"taxonomy":"category","embeddable":true,"href":"https:\/\/sinspeb.org.br\/index.php?rest_route=%2Fwp%2Fv2%2Fcategories&post=1869"},{"taxonomy":"post_tag","embeddable":true,"href":"https:\/\/sinspeb.org.br\/index.php?rest_route=%2Fwp%2Fv2%2Ftags&post=1869"}],"curies":[{"name":"wp","href":"https:\/\/api.w.org\/{rel}","templated":true}]}}