{"id":187,"date":"2019-02-05T21:51:31","date_gmt":"2019-02-05T23:51:31","guid":{"rendered":"http:\/\/sinspeb.org.br\/?p=187"},"modified":"2019-02-05T21:51:31","modified_gmt":"2019-02-05T23:51:31","slug":"luta-do-sinspeb-garante-reajuste-salarial-dos-agentes-penitenciarios","status":"publish","type":"post","link":"https:\/\/sinspeb.org.br\/?p=187","title":{"rendered":"Luta do SINSPEB garante reajuste salarial dos Agentes Penitenci\u00e1rios"},"content":{"rendered":"<p>Ap\u00f3s uma luta incans\u00e1vel e intensa do Sindicato dos Servidores Penitenci\u00e1rios do Estado da Bahia (SINSPEB), foi publicado nesta ter\u00e7a feira (05\/02), no Di\u00e1rio Oficial do Estado (DOE) pelo Governador Rui Costa, o reajuste salarial dos Agentes Penitenci\u00e1rios.<\/p>\n<p>Como entidade sindical, o papel do SINSPEB \u00e9 defender os interesses da sua categoria. O projeto, enviado para a Assembleia Legislativa do Estado da Bahia (AL-BA), pelo Poder Executivo, que reorganiza a estrutura remunerat\u00f3ria dos Agentes Penitenci\u00e1rios, foi aprovado em 8 de maio de 2018, e n\u00e3o foi sancionado ou vetado pelo Governador.<\/p>\n<p>Durante a luta pela efetiva\u00e7\u00e3o do reajuste salarial foram in\u00fameras reuni\u00f5es com interlocutores do Governo em busca da efetiva\u00e7\u00e3o do aumento. Reivon Pimentel, e o vice-presidente desta institui\u00e7\u00e3o, Fernando Fernandes, participaram de reuni\u00f5es na sede da Secretaria de Administra\u00e7\u00e3o Penitenci\u00e1ria e Ressocializa\u00e7\u00e3o da Bahia (SEAP-BA), com o deputado Nelson Pelegrino (PT-BA), que garantiu que o governador iria promover o reajuste em janeiro.<\/p>\n<p>Aconteceram reuni\u00f5es tamb\u00e9m com o l\u00edder do governo, deputado Z\u00e9 Neto (PT-BA), com o presidente da ALBA, \u00c2ngelo Coronel. A \u00faltima aconteceu na tarde do dia (10\\01), com Diogo Araponga da SAEB, Adriano Tambone da SAEB, Rodrigo, procurador da Procuradoria Geral do Estado da Bahia (PGE-BA) e Mari Claudia, Chefe de gabinete da Secretaria de Rela\u00e7\u00f5es Institucionais (SERIN), que informaram que existe um compromisso do governador de que assim que sa\u00edsse do limite prudencial o aumento seria efetivado.<\/p>\n<p>Agradecemos ao deputado Nelson Pelegrino, Z\u00e9 Neto e o superintendente Adriano Tambone, que intercederam pela categoria junto ao governo. Agradecemos tamb\u00e9m ao governador Rui Costa que teve a sensibilidade de reconhecer a import\u00e2ncia da Categoria para o Sistema de Defesa Social e usando o princ\u00edpio da isonomia com as demais For\u00e7as da Seguran\u00e7a P\u00fablica e autorizou o reajuste nos vencimentos dos Agentes Penitenci\u00e1rios. N\u00e3o podemos esquecer de agradecer ao secret\u00e1rio Nestor Duarte por honrar com a palavra dada a categoria.<\/p>\n<p>Agradecemos principalmente, a categoria por atender o chamado da Gest\u00e3o Uni\u00e3o For\u00e7a &amp; Conquistas (UFC). Essa foi uma conquista muito importante, fruto do engajamento da categoria na Opera\u00e7\u00e3o Legalidade, a luta ampliou-se com a uni\u00e3o e participa\u00e7\u00e3o da nossa base.<\/p>\n<p>O SINSPEB \u00e9 um sindicato atuante, combativo e que atrav\u00e9s das lutas garante conquistas importantes para a sua categoria.<\/p>\n<p>Ascom \u2013 SINSPEB<\/p>\n<p><img fetchpriority=\"high\" decoding=\"async\" src=\"http:\/\/sinspeb.org.br\/wp-content\/uploads\/2019\/02\/reuni\u00e3o-01-300x225.jpg\" alt=\"\" width=\"300\" height=\"225\" class=\"alignnone size-medium wp-image-188\" srcset=\"https:\/\/sinspeb.org.br\/wp-content\/uploads\/2019\/02\/reuni\u00e3o-01-300x225.jpg 300w, https:\/\/sinspeb.org.br\/wp-content\/uploads\/2019\/02\/reuni\u00e3o-01-768x576.jpg 768w, https:\/\/sinspeb.org.br\/wp-content\/uploads\/2019\/02\/reuni\u00e3o-01.jpg 960w\" sizes=\"(max-width: 300px) 100vw, 300px\" \/><\/p>\n<p><img decoding=\"async\" src=\"http:\/\/sinspeb.org.br\/wp-content\/uploads\/2019\/02\/reuni\u00e3o-02-300x166.jpg\" alt=\"\" width=\"300\" height=\"166\" class=\"alignnone size-medium wp-image-189\" srcset=\"https:\/\/sinspeb.org.br\/wp-content\/uploads\/2019\/02\/reuni\u00e3o-02-300x166.jpg 300w, https:\/\/sinspeb.org.br\/wp-content\/uploads\/2019\/02\/reuni\u00e3o-02-768x426.jpg 768w, https:\/\/sinspeb.org.br\/wp-content\/uploads\/2019\/02\/reuni\u00e3o-02.jpg 960w\" sizes=\"(max-width: 300px) 100vw, 300px\" \/><\/p>\n<p><img decoding=\"async\" src=\"http:\/\/sinspeb.org.br\/wp-content\/uploads\/2019\/02\/reuni\u00e3o-04-300x200.jpg\" alt=\"\" width=\"300\" height=\"200\" class=\"alignnone size-medium wp-image-190\" srcset=\"https:\/\/sinspeb.org.br\/wp-content\/uploads\/2019\/02\/reuni\u00e3o-04-300x200.jpg 300w, https:\/\/sinspeb.org.br\/wp-content\/uploads\/2019\/02\/reuni\u00e3o-04-360x240.jpg 360w, https:\/\/sinspeb.org.br\/wp-content\/uploads\/2019\/02\/reuni\u00e3o-04.jpg 720w\" sizes=\"(max-width: 300px) 100vw, 300px\" \/><\/p>\n<p><img loading=\"lazy\" decoding=\"async\" src=\"http:\/\/sinspeb.org.br\/wp-content\/uploads\/2019\/02\/reuni\u00e3o-06-300x211.jpg\" alt=\"\" width=\"300\" height=\"211\" class=\"alignnone size-medium wp-image-191\" srcset=\"https:\/\/sinspeb.org.br\/wp-content\/uploads\/2019\/02\/reuni\u00e3o-06-300x211.jpg 300w, https:\/\/sinspeb.org.br\/wp-content\/uploads\/2019\/02\/reuni\u00e3o-06.jpg 720w\" sizes=\"(max-width: 300px) 100vw, 300px\" \/><br \/>\n<img loading=\"lazy\" decoding=\"async\" src=\"http:\/\/sinspeb.org.br\/wp-content\/uploads\/2019\/02\/reuni\u00e3o-05-300x200.jpg\" alt=\"\" width=\"300\" height=\"200\" class=\"alignnone size-medium wp-image-194\" srcset=\"https:\/\/sinspeb.org.br\/wp-content\/uploads\/2019\/02\/reuni\u00e3o-05-300x200.jpg 300w, https:\/\/sinspeb.org.br\/wp-content\/uploads\/2019\/02\/reuni\u00e3o-05-360x240.jpg 360w, https:\/\/sinspeb.org.br\/wp-content\/uploads\/2019\/02\/reuni\u00e3o-05.jpg 720w\" sizes=\"(max-width: 300px) 100vw, 300px\" \/><\/p>\n","protected":false},"excerpt":{"rendered":"<p>Ap\u00f3s uma luta incans\u00e1vel e intensa do Sindicato dos Servidores Penitenci\u00e1rios do Estado da Bahia (SINSPEB), foi publicado nesta ter\u00e7a<\/p>\n","protected":false},"author":1,"featured_media":192,"comment_status":"open","ping_status":"open","sticky":false,"template":"","format":"standard","meta":{"colormag_page_container_layout":"default_layout","colormag_page_sidebar_layout":"default_layout","footnotes":""},"categories":[1],"tags":[],"class_list":["post-187","post","type-post","status-publish","format-standard","has-post-thumbnail","hentry","category-noticias"],"_links":{"self":[{"href":"https:\/\/sinspeb.org.br\/index.php?rest_route=\/wp\/v2\/posts\/187","targetHints":{"allow":["GET"]}}],"collection":[{"href":"https:\/\/sinspeb.org.br\/index.php?rest_route=\/wp\/v2\/posts"}],"about":[{"href":"https:\/\/sinspeb.org.br\/index.php?rest_route=\/wp\/v2\/types\/post"}],"author":[{"embeddable":true,"href":"https:\/\/sinspeb.org.br\/index.php?rest_route=\/wp\/v2\/users\/1"}],"replies":[{"embeddable":true,"href":"https:\/\/sinspeb.org.br\/index.php?rest_route=%2Fwp%2Fv2%2Fcomments&post=187"}],"version-history":[{"count":2,"href":"https:\/\/sinspeb.org.br\/index.php?rest_route=\/wp\/v2\/posts\/187\/revisions"}],"predecessor-version":[{"id":195,"href":"https:\/\/sinspeb.org.br\/index.php?rest_route=\/wp\/v2\/posts\/187\/revisions\/195"}],"wp:featuredmedia":[{"embeddable":true,"href":"https:\/\/sinspeb.org.br\/index.php?rest_route=\/wp\/v2\/media\/192"}],"wp:attachment":[{"href":"https:\/\/sinspeb.org.br\/index.php?rest_route=%2Fwp%2Fv2%2Fmedia&parent=187"}],"wp:term":[{"taxonomy":"category","embeddable":true,"href":"https:\/\/sinspeb.org.br\/index.php?rest_route=%2Fwp%2Fv2%2Fcategories&post=187"},{"taxonomy":"post_tag","embeddable":true,"href":"https:\/\/sinspeb.org.br\/index.php?rest_route=%2Fwp%2Fv2%2Ftags&post=187"}],"curies":[{"name":"wp","href":"https:\/\/api.w.org\/{rel}","templated":true}]}}