{"id":1895,"date":"2021-03-19T19:46:56","date_gmt":"2021-03-19T22:46:56","guid":{"rendered":"http:\/\/sinspeb.org.br\/?p=1895"},"modified":"2021-03-19T19:46:56","modified_gmt":"2021-03-19T22:46:56","slug":"nota-de-pesar-8","status":"publish","type":"post","link":"https:\/\/sinspeb.org.br\/?p=1895","title":{"rendered":"NOTA DE PESAR"},"content":{"rendered":"<p>\u00c9 com extremo pesar que o Sindicato dos Servidores Penitenci\u00e1rios do Estado da Bahia-SINSPEB, informa sobre o falecimento da Senhora FLORITA MARIA DANTAS DOS SANTOS, M\u00e3e do Colega Adilton Dantas, lotado na Penitenci\u00e1ria Lemos Brito-PLB.<\/p>\n<p>N\u00f3s sabemos que a vida passa rapidamente e que um dia todos n\u00f3s iremos partir, por\u00e9m nunca estamos preparados o suficiente para perdemos as pessoas que amamos.<\/p>\n<p>Pra quem fica resta a saudade, pra quem se vai o descanso eterno a aguarda. Que Deus conforte o cora\u00e7\u00e3o de todos os familiares e amigos.<\/p>\n<p>Por isso, muito respeitosamente prestamos as nossas condol\u00eancias e deixamos nossos mais sinceros p\u00easames.<\/p>\n<p>Salvador, 19 de mar\u00e7o de 2021<\/p>\n<p>ASCOM-SINSPPEB<\/p>\n","protected":false},"excerpt":{"rendered":"<p>\u00c9 com extremo pesar que o Sindicato dos Servidores Penitenci\u00e1rios do Estado da Bahia-SINSPEB, informa sobre o falecimento da Senhora<\/p>\n","protected":false},"author":3,"featured_media":1821,"comment_status":"open","ping_status":"open","sticky":false,"template":"","format":"standard","meta":{"colormag_page_container_layout":"default_layout","colormag_page_sidebar_layout":"default_layout","footnotes":""},"categories":[45,1],"tags":[],"class_list":["post-1895","post","type-post","status-publish","format-standard","has-post-thumbnail","hentry","category-importante","category-noticias"],"_links":{"self":[{"href":"https:\/\/sinspeb.org.br\/index.php?rest_route=\/wp\/v2\/posts\/1895","targetHints":{"allow":["GET"]}}],"collection":[{"href":"https:\/\/sinspeb.org.br\/index.php?rest_route=\/wp\/v2\/posts"}],"about":[{"href":"https:\/\/sinspeb.org.br\/index.php?rest_route=\/wp\/v2\/types\/post"}],"author":[{"embeddable":true,"href":"https:\/\/sinspeb.org.br\/index.php?rest_route=\/wp\/v2\/users\/3"}],"replies":[{"embeddable":true,"href":"https:\/\/sinspeb.org.br\/index.php?rest_route=%2Fwp%2Fv2%2Fcomments&post=1895"}],"version-history":[{"count":1,"href":"https:\/\/sinspeb.org.br\/index.php?rest_route=\/wp\/v2\/posts\/1895\/revisions"}],"predecessor-version":[{"id":1896,"href":"https:\/\/sinspeb.org.br\/index.php?rest_route=\/wp\/v2\/posts\/1895\/revisions\/1896"}],"wp:featuredmedia":[{"embeddable":true,"href":"https:\/\/sinspeb.org.br\/index.php?rest_route=\/wp\/v2\/media\/1821"}],"wp:attachment":[{"href":"https:\/\/sinspeb.org.br\/index.php?rest_route=%2Fwp%2Fv2%2Fmedia&parent=1895"}],"wp:term":[{"taxonomy":"category","embeddable":true,"href":"https:\/\/sinspeb.org.br\/index.php?rest_route=%2Fwp%2Fv2%2Fcategories&post=1895"},{"taxonomy":"post_tag","embeddable":true,"href":"https:\/\/sinspeb.org.br\/index.php?rest_route=%2Fwp%2Fv2%2Ftags&post=1895"}],"curies":[{"name":"wp","href":"https:\/\/api.w.org\/{rel}","templated":true}]}}