{"id":1917,"date":"2021-03-23T12:48:40","date_gmt":"2021-03-23T15:48:40","guid":{"rendered":"http:\/\/sinspeb.org.br\/?p=1917"},"modified":"2021-03-23T12:48:40","modified_gmt":"2021-03-23T15:48:40","slug":"presidente-do-sinsppeb-solicita-ao-governador-do-estado-da-bahia-e-aos-secretarios-da-seap-e-de-relacoes-institucionais-imediata-vacinacao-para-os-servidores-penitenciarios","status":"publish","type":"post","link":"https:\/\/sinspeb.org.br\/?p=1917","title":{"rendered":"PRESIDENTE DO SINSPPEB SOLICITA AO GOVERNADOR DO ESTADO DA BAHIA E AOS SECRET\u00c1RIOS DA SEAP E DE RELA\u00c7\u00d5ES INSTITUCIONAIS, IMEDIATA VACINA\u00c7\u00c3O PARA OS SERVIDORES PENITENCI\u00c1RIOS"},"content":{"rendered":"<p>O Presidente do Sindicato dos Servidores Penitenci\u00e1rios do Estado da Bahia-SINSPEB, Reivon Pimentel, por meio de of\u00edcios protocolados ontem (22.03.2021), solicitou ao Governador do Estado, Senhor Rui Costa e ao Secret\u00e1rio de Administra\u00e7\u00e3o Penitenci\u00e1ria e Ressocializa\u00e7\u00e3o, Senhor Nestor Duarte, como tamb\u00e9m ao Secret\u00e1rio de Rela\u00e7\u00f5es Institucionais, Senhor Jonival Lucas J\u00fanior, a vacina\u00e7\u00e3o imediata dos Servidores da Pol\u00edcia Penal do Estado da Bahia, como medida de combate \u00e0 pandemia do novo coronav\u00edrus.<\/p>\n<p>&nbsp;<\/p>\n<p>Diante da decis\u00e3o insensata do Minist\u00e9rio da Sa\u00fade de determinar que os presos sejam vacinados antes dos Policiais Penais, foi requerida urgentemente a imuniza\u00e7\u00e3o de todos os Policiais Penais e demais Servidores Penitenci\u00e1rios em atividade.<\/p>\n<p>Cumpre destacar, que a categoria est\u00e1 na linha de frente do combate a pandemia, al\u00e9m do mais, estat\u00edsticas recentes t\u00eam demonstrado que entre os Policiais tem ocorrido alt\u00edssimos \u00edndices de contamina\u00e7\u00e3o e \u00f3bitos, inclusive acima de profissionais de sa\u00fade, pois laboram com bem menos equipamentos de prote\u00e7\u00e3o individual. Junta-se a isso, os recorrentes surtos de Covid-19 no Sistema Prisional.<\/p>\n<p>O Presidente Reivon Pimentel, reconhece a necessidade e a import\u00e2ncia da imuniza\u00e7\u00e3o de todos os cidad\u00e3os brasileiros, inclusive dos que se encontram privados de liberdade, todavia, neste atual momento de escassez faz-se necess\u00e1rio que o Governo do Estado priorize as categorias que est\u00e3o na linha de frente. Al\u00e9m disso, segundo Reivon, &#8220;seria uma incoer\u00eancia vacinar os apenados antes dos Policiais, visto que os internos est\u00e3o confinados, sendo preciso um vetor de fora para a contamina\u00e7\u00e3o dos mesmos, uma vez que eles n\u00e3o est\u00e3o recebendo visitas. Sendo assim, o elo entre os presos e o mundo exterior \u00e9 o Policial Penal, com isso, constata-se que a l\u00f3gica \u00e9 imunizar os Policiais para que estes uma vez vacinados, n\u00e3o venham infectar os que est\u00e3o custodiados&#8221;.<\/p>\n<p>A Diretoria do SINSPPEB est\u00e1 consciente da extrema import\u00e2ncia de se imunizar os Servidores, por isso, n\u00e3o tem medido esfor\u00e7os para coloc\u00e1-los no grupo priorit\u00e1rio de vacina\u00e7\u00e3o.<\/p>\n<p><img fetchpriority=\"high\" decoding=\"async\" class=\"alignnone size-medium wp-image-1918\" src=\"http:\/\/sinspeb.org.br\/wp-content\/uploads\/2021\/03\/IMG_20210323_123249_255-300x300.jpg\" alt=\"\" width=\"300\" height=\"300\" srcset=\"https:\/\/sinspeb.org.br\/wp-content\/uploads\/2021\/03\/IMG_20210323_123249_255-300x300.jpg 300w, https:\/\/sinspeb.org.br\/wp-content\/uploads\/2021\/03\/IMG_20210323_123249_255-1024x1024.jpg 1024w, https:\/\/sinspeb.org.br\/wp-content\/uploads\/2021\/03\/IMG_20210323_123249_255-150x150.jpg 150w, https:\/\/sinspeb.org.br\/wp-content\/uploads\/2021\/03\/IMG_20210323_123249_255-768x768.jpg 768w, https:\/\/sinspeb.org.br\/wp-content\/uploads\/2021\/03\/IMG_20210323_123249_255.jpg 1080w\" sizes=\"(max-width: 300px) 100vw, 300px\" \/><img decoding=\"async\" class=\"alignnone size-medium wp-image-1922\" src=\"http:\/\/sinspeb.org.br\/wp-content\/uploads\/2021\/03\/IMG_20210323_123249_264-300x300.jpg\" alt=\"\" width=\"300\" height=\"300\" srcset=\"https:\/\/sinspeb.org.br\/wp-content\/uploads\/2021\/03\/IMG_20210323_123249_264-300x300.jpg 300w, https:\/\/sinspeb.org.br\/wp-content\/uploads\/2021\/03\/IMG_20210323_123249_264-1024x1024.jpg 1024w, https:\/\/sinspeb.org.br\/wp-content\/uploads\/2021\/03\/IMG_20210323_123249_264-150x150.jpg 150w, https:\/\/sinspeb.org.br\/wp-content\/uploads\/2021\/03\/IMG_20210323_123249_264-768x768.jpg 768w, https:\/\/sinspeb.org.br\/wp-content\/uploads\/2021\/03\/IMG_20210323_123249_264.jpg 1064w\" sizes=\"(max-width: 300px) 100vw, 300px\" \/><img decoding=\"async\" class=\"alignnone size-medium wp-image-1923\" src=\"http:\/\/sinspeb.org.br\/wp-content\/uploads\/2021\/03\/IMG_20210323_123249_276-300x300.jpg\" alt=\"\" width=\"300\" height=\"300\" srcset=\"https:\/\/sinspeb.org.br\/wp-content\/uploads\/2021\/03\/IMG_20210323_123249_276-300x300.jpg 300w, https:\/\/sinspeb.org.br\/wp-content\/uploads\/2021\/03\/IMG_20210323_123249_276-1024x1024.jpg 1024w, https:\/\/sinspeb.org.br\/wp-content\/uploads\/2021\/03\/IMG_20210323_123249_276-150x150.jpg 150w, https:\/\/sinspeb.org.br\/wp-content\/uploads\/2021\/03\/IMG_20210323_123249_276-768x768.jpg 768w, https:\/\/sinspeb.org.br\/wp-content\/uploads\/2021\/03\/IMG_20210323_123249_276.jpg 1070w\" sizes=\"(max-width: 300px) 100vw, 300px\" \/><img loading=\"lazy\" decoding=\"async\" class=\"alignnone size-medium wp-image-1924\" src=\"http:\/\/sinspeb.org.br\/wp-content\/uploads\/2021\/03\/IMG_20210323_123249_311-300x300.jpg\" alt=\"\" width=\"300\" height=\"300\" srcset=\"https:\/\/sinspeb.org.br\/wp-content\/uploads\/2021\/03\/IMG_20210323_123249_311-300x300.jpg 300w, https:\/\/sinspeb.org.br\/wp-content\/uploads\/2021\/03\/IMG_20210323_123249_311-1024x1024.jpg 1024w, https:\/\/sinspeb.org.br\/wp-content\/uploads\/2021\/03\/IMG_20210323_123249_311-150x150.jpg 150w, https:\/\/sinspeb.org.br\/wp-content\/uploads\/2021\/03\/IMG_20210323_123249_311-768x768.jpg 768w, https:\/\/sinspeb.org.br\/wp-content\/uploads\/2021\/03\/IMG_20210323_123249_311.jpg 1080w\" sizes=\"(max-width: 300px) 100vw, 300px\" \/><img loading=\"lazy\" decoding=\"async\" class=\"alignnone size-medium wp-image-1926\" src=\"http:\/\/sinspeb.org.br\/wp-content\/uploads\/2021\/03\/IMG_20210323_123249_296-300x300.jpg\" alt=\"\" width=\"300\" height=\"300\" srcset=\"https:\/\/sinspeb.org.br\/wp-content\/uploads\/2021\/03\/IMG_20210323_123249_296-300x300.jpg 300w, https:\/\/sinspeb.org.br\/wp-content\/uploads\/2021\/03\/IMG_20210323_123249_296-1024x1024.jpg 1024w, https:\/\/sinspeb.org.br\/wp-content\/uploads\/2021\/03\/IMG_20210323_123249_296-150x150.jpg 150w, https:\/\/sinspeb.org.br\/wp-content\/uploads\/2021\/03\/IMG_20210323_123249_296-768x768.jpg 768w, https:\/\/sinspeb.org.br\/wp-content\/uploads\/2021\/03\/IMG_20210323_123249_296.jpg 1052w\" sizes=\"(max-width: 300px) 100vw, 300px\" \/><img loading=\"lazy\" decoding=\"async\" class=\"alignnone size-medium wp-image-1927\" src=\"http:\/\/sinspeb.org.br\/wp-content\/uploads\/2021\/03\/IMG_20210323_123249_292-300x300.jpg\" alt=\"\" width=\"300\" height=\"300\" srcset=\"https:\/\/sinspeb.org.br\/wp-content\/uploads\/2021\/03\/IMG_20210323_123249_292-300x300.jpg 300w, https:\/\/sinspeb.org.br\/wp-content\/uploads\/2021\/03\/IMG_20210323_123249_292-1024x1024.jpg 1024w, https:\/\/sinspeb.org.br\/wp-content\/uploads\/2021\/03\/IMG_20210323_123249_292-150x150.jpg 150w, https:\/\/sinspeb.org.br\/wp-content\/uploads\/2021\/03\/IMG_20210323_123249_292-768x768.jpg 768w, https:\/\/sinspeb.org.br\/wp-content\/uploads\/2021\/03\/IMG_20210323_123249_292.jpg 1046w\" sizes=\"(max-width: 300px) 100vw, 300px\" \/><\/p>\n<p>Salvador 23 de mar\u00e7o de 2021<\/p>\n<p>ASCOM \u2013 SINSPPEB<\/p>\n","protected":false},"excerpt":{"rendered":"<p>O Presidente do Sindicato dos Servidores Penitenci\u00e1rios do Estado da Bahia-SINSPEB, Reivon Pimentel, por meio de of\u00edcios protocolados ontem (22.03.2021),<\/p>\n","protected":false},"author":3,"featured_media":1567,"comment_status":"open","ping_status":"open","sticky":false,"template":"","format":"standard","meta":{"colormag_page_container_layout":"default_layout","colormag_page_sidebar_layout":"default_layout","footnotes":""},"categories":[45,1],"tags":[],"class_list":["post-1917","post","type-post","status-publish","format-standard","has-post-thumbnail","hentry","category-importante","category-noticias"],"_links":{"self":[{"href":"https:\/\/sinspeb.org.br\/index.php?rest_route=\/wp\/v2\/posts\/1917","targetHints":{"allow":["GET"]}}],"collection":[{"href":"https:\/\/sinspeb.org.br\/index.php?rest_route=\/wp\/v2\/posts"}],"about":[{"href":"https:\/\/sinspeb.org.br\/index.php?rest_route=\/wp\/v2\/types\/post"}],"author":[{"embeddable":true,"href":"https:\/\/sinspeb.org.br\/index.php?rest_route=\/wp\/v2\/users\/3"}],"replies":[{"embeddable":true,"href":"https:\/\/sinspeb.org.br\/index.php?rest_route=%2Fwp%2Fv2%2Fcomments&post=1917"}],"version-history":[{"count":1,"href":"https:\/\/sinspeb.org.br\/index.php?rest_route=\/wp\/v2\/posts\/1917\/revisions"}],"predecessor-version":[{"id":1929,"href":"https:\/\/sinspeb.org.br\/index.php?rest_route=\/wp\/v2\/posts\/1917\/revisions\/1929"}],"wp:featuredmedia":[{"embeddable":true,"href":"https:\/\/sinspeb.org.br\/index.php?rest_route=\/wp\/v2\/media\/1567"}],"wp:attachment":[{"href":"https:\/\/sinspeb.org.br\/index.php?rest_route=%2Fwp%2Fv2%2Fmedia&parent=1917"}],"wp:term":[{"taxonomy":"category","embeddable":true,"href":"https:\/\/sinspeb.org.br\/index.php?rest_route=%2Fwp%2Fv2%2Fcategories&post=1917"},{"taxonomy":"post_tag","embeddable":true,"href":"https:\/\/sinspeb.org.br\/index.php?rest_route=%2Fwp%2Fv2%2Ftags&post=1917"}],"curies":[{"name":"wp","href":"https:\/\/api.w.org\/{rel}","templated":true}]}}