{"id":1930,"date":"2021-03-23T19:02:29","date_gmt":"2021-03-23T22:02:29","guid":{"rendered":"http:\/\/sinspeb.org.br\/?p=1930"},"modified":"2021-03-23T19:33:47","modified_gmt":"2021-03-23T22:33:47","slug":"categorias-da-seguranca-publica-se-unem-em-mobilizacao-nacional","status":"publish","type":"post","link":"https:\/\/sinspeb.org.br\/?p=1930","title":{"rendered":"CATEGORIAS DA SEGURAN\u00c7A P\u00daBLICA SE UNEM EM MOBILIZA\u00c7\u00c3O NACIONAL"},"content":{"rendered":"<p>&nbsp;<\/p>\n<p>Na tarde de ontem (22.03.2021), ocorreu uma grande Mobiliza\u00e7\u00e3o Nacional da Seguran\u00e7a P\u00fablica. O ato foi organizado pela Uni\u00e3o dos Policiais do Brasil-UPB e teve a participa\u00e7\u00e3o de Policiais Penais, Federais, Rodovi\u00e1rios Federais e Civis.<\/p>\n<p><img decoding=\"async\" class=\"alignnone size-medium wp-image-1933\" src=\"http:\/\/sinspeb.org.br\/wp-content\/uploads\/2021\/03\/IMG-20210322-WA0008-300x138.jpg\" alt=\"\" width=\"300\" height=\"138\" \/><\/p>\n<p>A finalidade da mobiliza\u00e7\u00e3o, realizada dentro das respectivas Unidades de trabalho, foi chamar a aten\u00e7\u00e3o da sociedade e das autoridades para os in\u00fameros retrocessos que as categorias v\u00eam sofrendo com sucessivas propostas do Governo Federal contra os Servidores P\u00fablicos. Por esse motivo, os Policiais decidiram parar todas as atividades das 15h \u00e0s 16h em protesto contra a aprova\u00e7\u00e3o e promulga\u00e7\u00e3o da Proposta de Emenda \u00e0 Constitui\u00e7\u00e3o-PEC n\u00b0 186\/2019, contra a Reforma Administrativa (PEC n\u00b0 32\/2020) que j\u00e1 est\u00e1 em tramita\u00e7\u00e3o e contra a determina\u00e7\u00e3o do Minist\u00e9rio da Sa\u00fade de vacinar os presos antes dos Policiais.<\/p>\n<p><img fetchpriority=\"high\" decoding=\"async\" class=\"alignnone size-medium wp-image-1942\" src=\"http:\/\/sinspeb.org.br\/wp-content\/uploads\/2021\/03\/IMG-20210322-WA0027-300x169.jpg\" alt=\"\" width=\"300\" height=\"169\" srcset=\"https:\/\/sinspeb.org.br\/wp-content\/uploads\/2021\/03\/IMG-20210322-WA0027-300x169.jpg 300w, https:\/\/sinspeb.org.br\/wp-content\/uploads\/2021\/03\/IMG-20210322-WA0027-1024x576.jpg 1024w, https:\/\/sinspeb.org.br\/wp-content\/uploads\/2021\/03\/IMG-20210322-WA0027-768x432.jpg 768w, https:\/\/sinspeb.org.br\/wp-content\/uploads\/2021\/03\/IMG-20210322-WA0027.jpg 1280w\" sizes=\"(max-width: 300px) 100vw, 300px\" \/> <img decoding=\"async\" class=\"alignnone size-medium wp-image-1943\" src=\"http:\/\/sinspeb.org.br\/wp-content\/uploads\/2021\/03\/IMG_2737-300x200.jpg\" alt=\"\" width=\"300\" height=\"200\" srcset=\"https:\/\/sinspeb.org.br\/wp-content\/uploads\/2021\/03\/IMG_2737-300x200.jpg 300w, https:\/\/sinspeb.org.br\/wp-content\/uploads\/2021\/03\/IMG_2737-1024x683.jpg 1024w, https:\/\/sinspeb.org.br\/wp-content\/uploads\/2021\/03\/IMG_2737-768x512.jpg 768w, https:\/\/sinspeb.org.br\/wp-content\/uploads\/2021\/03\/IMG_2737-1536x1024.jpg 1536w, https:\/\/sinspeb.org.br\/wp-content\/uploads\/2021\/03\/IMG_2737-2048x1365.jpg 2048w\" sizes=\"(max-width: 300px) 100vw, 300px\" \/> <img loading=\"lazy\" decoding=\"async\" class=\"alignnone size-medium wp-image-1944\" src=\"http:\/\/sinspeb.org.br\/wp-content\/uploads\/2021\/03\/IMG-20210322-WA0020-300x169.jpg\" alt=\"\" width=\"300\" height=\"169\" srcset=\"https:\/\/sinspeb.org.br\/wp-content\/uploads\/2021\/03\/IMG-20210322-WA0020-300x169.jpg 300w, https:\/\/sinspeb.org.br\/wp-content\/uploads\/2021\/03\/IMG-20210322-WA0020-1024x576.jpg 1024w, https:\/\/sinspeb.org.br\/wp-content\/uploads\/2021\/03\/IMG-20210322-WA0020-768x432.jpg 768w, https:\/\/sinspeb.org.br\/wp-content\/uploads\/2021\/03\/IMG-20210322-WA0020.jpg 1280w\" sizes=\"(max-width: 300px) 100vw, 300px\" \/><\/p>\n<p>Vale ressaltar, que dentre outros preju\u00edzos, a PEC Emergencial congela os sal\u00e1rios e pro\u00edbe a contrata\u00e7\u00e3o de novos funcion\u00e1rios. J\u00e1 a Reforma Administrativa (PEC n\u00b0 32\/2020), arrisca a estabilidade dos Servidores, e permite a possibilidade de cria\u00e7\u00e3o e extin\u00e7\u00e3o de cargos de chefia por meio de decreto.<\/p>\n<p><img loading=\"lazy\" decoding=\"async\" class=\"alignnone size-medium wp-image-1936\" src=\"http:\/\/sinspeb.org.br\/wp-content\/uploads\/2021\/03\/IMG-20210321-WA0122-300x225.jpg\" alt=\"\" width=\"300\" height=\"225\" srcset=\"https:\/\/sinspeb.org.br\/wp-content\/uploads\/2021\/03\/IMG-20210321-WA0122-300x225.jpg 300w, https:\/\/sinspeb.org.br\/wp-content\/uploads\/2021\/03\/IMG-20210321-WA0122-1024x768.jpg 1024w, https:\/\/sinspeb.org.br\/wp-content\/uploads\/2021\/03\/IMG-20210321-WA0122-768x576.jpg 768w, https:\/\/sinspeb.org.br\/wp-content\/uploads\/2021\/03\/IMG-20210321-WA0122.jpg 1040w\" sizes=\"(max-width: 300px) 100vw, 300px\" \/><\/p>\n<p>De acordo com Fernando Fernandes, Vice-Presidente do Sindicato dos Servidores Penitenci\u00e1rios do Estado da Bahia-SINSPEB, &#8220;a mobiliza\u00e7\u00e3o da categoria \u00e9 o \u00fanico caminho para impedir o desmonte do servi\u00e7o p\u00fablico por parte do atual Governo Federal. Entendemos que as reformas s\u00e3o necess\u00e1rias, mas o Governo Federal est\u00e1 se valendo da atual situa\u00e7\u00e3o de calamidade na sa\u00fade p\u00fablica, e consequentemente da iminente calamidade das contas p\u00fablicas, em decorr\u00eancia da baixa na arrecada\u00e7\u00e3o, para p\u00f4r em pr\u00e1tica seu maior projeto, que \u00e9 o desmonte do servi\u00e7o p\u00fablico, entregando as atividades, inclusive as t\u00edpicas de Estado \u00e0 iniciativa privada. Em rela\u00e7\u00e3o \u00e0 imuniza\u00e7\u00e3o, \u00e9 imprescind\u00edvel que os servidores lutem e demonstrem sua indigna\u00e7\u00e3o para que as autoridades de sa\u00fade possam classificar os Policiais como grupo priorit\u00e1rio. Os Policiais Penais permanecem exercendo as suas atividades normalmente, mesmo com os altos \u00edndices de contamina\u00e7\u00e3o pela COVID-19, movimentando diariamente centenas de pessoas privadas de liberdade que apresentam sintomas gripais. Por\u00e9m, infelizmente ainda percebemos a falta de disposi\u00e7\u00e3o de muitos dos Servidores para lutarem por direitos b\u00e1sicos e fundamentais, inclusive pelo direito \u00e0 vacina\u00e7\u00e3o, que significa a salvaguarda da sua pr\u00f3pria vida, como tamb\u00e9m das vidas de seus familiares. Somente atrav\u00e9s da luta \u00e9 que alcan\u00e7aremos vit\u00f3ria&#8221;.<\/p>\n<p><img loading=\"lazy\" decoding=\"async\" class=\"alignnone size-medium wp-image-1940\" src=\"http:\/\/sinspeb.org.br\/wp-content\/uploads\/2021\/03\/IMG-20210322-WA0081-300x225.jpg\" alt=\"\" width=\"300\" height=\"225\" srcset=\"https:\/\/sinspeb.org.br\/wp-content\/uploads\/2021\/03\/IMG-20210322-WA0081-300x225.jpg 300w, https:\/\/sinspeb.org.br\/wp-content\/uploads\/2021\/03\/IMG-20210322-WA0081-1024x768.jpg 1024w, https:\/\/sinspeb.org.br\/wp-content\/uploads\/2021\/03\/IMG-20210322-WA0081-768x576.jpg 768w, https:\/\/sinspeb.org.br\/wp-content\/uploads\/2021\/03\/IMG-20210322-WA0081.jpg 1280w\" sizes=\"(max-width: 300px) 100vw, 300px\" \/><\/p>\n<p><img loading=\"lazy\" decoding=\"async\" class=\"alignnone size-medium wp-image-1938\" src=\"http:\/\/sinspeb.org.br\/wp-content\/uploads\/2021\/03\/IMG_20210323_184553_716-300x300.jpg\" alt=\"\" width=\"300\" height=\"300\" srcset=\"https:\/\/sinspeb.org.br\/wp-content\/uploads\/2021\/03\/IMG_20210323_184553_716-300x300.jpg 300w, https:\/\/sinspeb.org.br\/wp-content\/uploads\/2021\/03\/IMG_20210323_184553_716-150x150.jpg 150w, https:\/\/sinspeb.org.br\/wp-content\/uploads\/2021\/03\/IMG_20210323_184553_716-768x768.jpg 768w, https:\/\/sinspeb.org.br\/wp-content\/uploads\/2021\/03\/IMG_20210323_184553_716.jpg 960w\" sizes=\"(max-width: 300px) 100vw, 300px\" \/><\/p>\n<p><img loading=\"lazy\" decoding=\"async\" class=\"alignnone size-medium wp-image-1937\" src=\"http:\/\/sinspeb.org.br\/wp-content\/uploads\/2021\/03\/IMG-20210322-WA0082-300x225.jpg\" alt=\"\" width=\"300\" height=\"225\" srcset=\"https:\/\/sinspeb.org.br\/wp-content\/uploads\/2021\/03\/IMG-20210322-WA0082-300x225.jpg 300w, https:\/\/sinspeb.org.br\/wp-content\/uploads\/2021\/03\/IMG-20210322-WA0082-1024x768.jpg 1024w, https:\/\/sinspeb.org.br\/wp-content\/uploads\/2021\/03\/IMG-20210322-WA0082-768x576.jpg 768w, https:\/\/sinspeb.org.br\/wp-content\/uploads\/2021\/03\/IMG-20210322-WA0082.jpg 1280w\" sizes=\"(max-width: 300px) 100vw, 300px\" \/><\/p>\n<p><img loading=\"lazy\" decoding=\"async\" class=\"alignnone size-medium wp-image-1941\" src=\"http:\/\/sinspeb.org.br\/wp-content\/uploads\/2021\/03\/IMG-20210322-WA0078-300x138.jpg\" alt=\"\" width=\"300\" height=\"138\" srcset=\"https:\/\/sinspeb.org.br\/wp-content\/uploads\/2021\/03\/IMG-20210322-WA0078-300x138.jpg 300w, https:\/\/sinspeb.org.br\/wp-content\/uploads\/2021\/03\/IMG-20210322-WA0078-1024x473.jpg 1024w, https:\/\/sinspeb.org.br\/wp-content\/uploads\/2021\/03\/IMG-20210322-WA0078-768x354.jpg 768w, https:\/\/sinspeb.org.br\/wp-content\/uploads\/2021\/03\/IMG-20210322-WA0078.jpg 1040w\" sizes=\"(max-width: 300px) 100vw, 300px\" \/><\/p>\n<p>&nbsp;<\/p>\n<p>&nbsp;<\/p>\n<p>&nbsp;<\/p>\n<p>GEST\u00c3O UFC \u2013 EM DEFESA DOS DIREITOS DA CATEGORIA!<\/p>\n<p>Salvador, 23 de mar\u00e7o de 2021<\/p>\n<p>ASCOM \u2013 SINSPPEB<\/p>\n","protected":false},"excerpt":{"rendered":"<p>&nbsp; Na tarde de ontem (22.03.2021), ocorreu uma grande Mobiliza\u00e7\u00e3o Nacional da Seguran\u00e7a P\u00fablica. O ato foi organizado pela Uni\u00e3o<\/p>\n","protected":false},"author":3,"featured_media":1931,"comment_status":"open","ping_status":"open","sticky":false,"template":"","format":"standard","meta":{"colormag_page_container_layout":"default_layout","colormag_page_sidebar_layout":"default_layout","footnotes":""},"categories":[45,1],"tags":[],"class_list":["post-1930","post","type-post","status-publish","format-standard","has-post-thumbnail","hentry","category-importante","category-noticias"],"_links":{"self":[{"href":"https:\/\/sinspeb.org.br\/index.php?rest_route=\/wp\/v2\/posts\/1930","targetHints":{"allow":["GET"]}}],"collection":[{"href":"https:\/\/sinspeb.org.br\/index.php?rest_route=\/wp\/v2\/posts"}],"about":[{"href":"https:\/\/sinspeb.org.br\/index.php?rest_route=\/wp\/v2\/types\/post"}],"author":[{"embeddable":true,"href":"https:\/\/sinspeb.org.br\/index.php?rest_route=\/wp\/v2\/users\/3"}],"replies":[{"embeddable":true,"href":"https:\/\/sinspeb.org.br\/index.php?rest_route=%2Fwp%2Fv2%2Fcomments&post=1930"}],"version-history":[{"count":3,"href":"https:\/\/sinspeb.org.br\/index.php?rest_route=\/wp\/v2\/posts\/1930\/revisions"}],"predecessor-version":[{"id":1947,"href":"https:\/\/sinspeb.org.br\/index.php?rest_route=\/wp\/v2\/posts\/1930\/revisions\/1947"}],"wp:featuredmedia":[{"embeddable":true,"href":"https:\/\/sinspeb.org.br\/index.php?rest_route=\/wp\/v2\/media\/1931"}],"wp:attachment":[{"href":"https:\/\/sinspeb.org.br\/index.php?rest_route=%2Fwp%2Fv2%2Fmedia&parent=1930"}],"wp:term":[{"taxonomy":"category","embeddable":true,"href":"https:\/\/sinspeb.org.br\/index.php?rest_route=%2Fwp%2Fv2%2Fcategories&post=1930"},{"taxonomy":"post_tag","embeddable":true,"href":"https:\/\/sinspeb.org.br\/index.php?rest_route=%2Fwp%2Fv2%2Ftags&post=1930"}],"curies":[{"name":"wp","href":"https:\/\/api.w.org\/{rel}","templated":true}]}}