{"id":1950,"date":"2021-03-26T19:12:25","date_gmt":"2021-03-26T22:12:25","guid":{"rendered":"http:\/\/sinspeb.org.br\/?p=1950"},"modified":"2021-03-26T19:30:30","modified_gmt":"2021-03-26T22:30:30","slug":"processo-de-promocao-para-servidores-da-area-de-saude-e-divulgado","status":"publish","type":"post","link":"https:\/\/sinspeb.org.br\/?p=1950","title":{"rendered":"PROCESSO DE PROMO\u00c7\u00c3O PARA SERVIDORES DA \u00c1REA DE SA\u00daDE \u00c9 DIVULGADO"},"content":{"rendered":"<p>Informamos que desde o dia 01.03.2021 at\u00e9 30.09.2021, est\u00e1 acontecendo o Processo de Promo\u00e7\u00e3o para os Servidores do Grupo Ocupacional Servi\u00e7os P\u00fablicos de Sa\u00fade (exceto m\u00e9dicos e reguladores de assist\u00eancia), conforme o Decreto N\u00ba 9.476\/05.<\/p>\n<p>Lembramos que a Unidade do RH encaminhar\u00e1 at\u00e9 o dia 30 de outubro, o Processo formalizado \u00e0 Comiss\u00e3o de Desenvolvimento Funcional, instru\u00eddo com todos os documentos relativos ao pleito.<\/p>\n<p>Ressaltamos ainda, que a Diretoria do Sindicato dos Servidores Penitenci\u00e1rios do Estado da Bahia-SINSPEB, s\u00f3 foi informada do andamento deste Processo de Promo\u00e7\u00e3o no dia 24.03.21 (quarta-feira).<\/p>\n<p><img fetchpriority=\"high\" decoding=\"async\" class=\"alignnone size-medium wp-image-1953\" src=\"http:\/\/sinspeb.org.br\/wp-content\/uploads\/2021\/03\/IMG-20210326-WA00092-300x237.jpg\" alt=\"\" width=\"300\" height=\"237\" srcset=\"https:\/\/sinspeb.org.br\/wp-content\/uploads\/2021\/03\/IMG-20210326-WA00092-300x237.jpg 300w, https:\/\/sinspeb.org.br\/wp-content\/uploads\/2021\/03\/IMG-20210326-WA00092-768x607.jpg 768w, https:\/\/sinspeb.org.br\/wp-content\/uploads\/2021\/03\/IMG-20210326-WA00092.jpg 774w\" sizes=\"(max-width: 300px) 100vw, 300px\" \/><\/p>\n<p><img decoding=\"async\" class=\"alignnone size-medium wp-image-1956\" src=\"http:\/\/sinspeb.org.br\/wp-content\/uploads\/2021\/03\/IMG-20210326-WA0010-225x300.jpg\" alt=\"\" width=\"225\" height=\"300\" srcset=\"https:\/\/sinspeb.org.br\/wp-content\/uploads\/2021\/03\/IMG-20210326-WA0010-225x300.jpg 225w, https:\/\/sinspeb.org.br\/wp-content\/uploads\/2021\/03\/IMG-20210326-WA0010-768x1024.jpg 768w, https:\/\/sinspeb.org.br\/wp-content\/uploads\/2021\/03\/IMG-20210326-WA0010-rotated.jpg 774w\" sizes=\"(max-width: 225px) 100vw, 225px\" \/><\/p>\n<p>GEST\u00c3O UFC &#8211; NA LUTA PELA CATEGORIA!<\/p>\n<p>Salvador, 26 de mar\u00e7o de 2021<\/p>\n<p>ASCOM \u2013 SINSPPEB<\/p>\n","protected":false},"excerpt":{"rendered":"<p>Informamos que desde o dia 01.03.2021 at\u00e9 30.09.2021, est\u00e1 acontecendo o Processo de Promo\u00e7\u00e3o para os Servidores do Grupo Ocupacional<\/p>\n","protected":false},"author":3,"featured_media":1567,"comment_status":"open","ping_status":"open","sticky":false,"template":"","format":"standard","meta":{"colormag_page_container_layout":"default_layout","colormag_page_sidebar_layout":"default_layout","footnotes":""},"categories":[45,1],"tags":[],"class_list":["post-1950","post","type-post","status-publish","format-standard","has-post-thumbnail","hentry","category-importante","category-noticias"],"_links":{"self":[{"href":"https:\/\/sinspeb.org.br\/index.php?rest_route=\/wp\/v2\/posts\/1950","targetHints":{"allow":["GET"]}}],"collection":[{"href":"https:\/\/sinspeb.org.br\/index.php?rest_route=\/wp\/v2\/posts"}],"about":[{"href":"https:\/\/sinspeb.org.br\/index.php?rest_route=\/wp\/v2\/types\/post"}],"author":[{"embeddable":true,"href":"https:\/\/sinspeb.org.br\/index.php?rest_route=\/wp\/v2\/users\/3"}],"replies":[{"embeddable":true,"href":"https:\/\/sinspeb.org.br\/index.php?rest_route=%2Fwp%2Fv2%2Fcomments&post=1950"}],"version-history":[{"count":3,"href":"https:\/\/sinspeb.org.br\/index.php?rest_route=\/wp\/v2\/posts\/1950\/revisions"}],"predecessor-version":[{"id":1957,"href":"https:\/\/sinspeb.org.br\/index.php?rest_route=\/wp\/v2\/posts\/1950\/revisions\/1957"}],"wp:featuredmedia":[{"embeddable":true,"href":"https:\/\/sinspeb.org.br\/index.php?rest_route=\/wp\/v2\/media\/1567"}],"wp:attachment":[{"href":"https:\/\/sinspeb.org.br\/index.php?rest_route=%2Fwp%2Fv2%2Fmedia&parent=1950"}],"wp:term":[{"taxonomy":"category","embeddable":true,"href":"https:\/\/sinspeb.org.br\/index.php?rest_route=%2Fwp%2Fv2%2Fcategories&post=1950"},{"taxonomy":"post_tag","embeddable":true,"href":"https:\/\/sinspeb.org.br\/index.php?rest_route=%2Fwp%2Fv2%2Ftags&post=1950"}],"curies":[{"name":"wp","href":"https:\/\/api.w.org\/{rel}","templated":true}]}}