{"id":1959,"date":"2021-03-29T13:10:47","date_gmt":"2021-03-29T16:10:47","guid":{"rendered":"http:\/\/sinspeb.org.br\/?p=1959"},"modified":"2021-03-29T13:10:47","modified_gmt":"2021-03-29T16:10:47","slug":"diretoria-do-sinsppeb-lamenta-morte-do-policial-militar-ocorrida-no-farol-da-barra","status":"publish","type":"post","link":"https:\/\/sinspeb.org.br\/?p=1959","title":{"rendered":"DIRETORIA DO SINSPPEB LAMENTA MORTE DO POLICIAL MILITAR OCORRIDA NO FAROL DA BARRA"},"content":{"rendered":"<p>A Diretoria do Sindicato dos Servidores da Pol\u00edcia Penal do Estado da Bahia (SINSPPEB), vem a p\u00fablico lamentar o epis\u00f3dio iniciado na tarde deste domingo (28.03.21), no Farol da Barra, na capital baiana, que culminou com a morte do Policial Militar Wesley Soares Go\u00e9s, aparentemente acometido de surto psic\u00f3tico.<\/p>\n<p>Esse lament\u00e1vel fato reacende o que o SINSPPEB busca h\u00e1 v\u00e1rios anos junto ao governo do Estado: o acompanhamento biopsicossocial dos Servidores Penitenci\u00e1rios, principalmente dos Policiais Penais que exercem uma atividade classificada por sua natureza como a segunda mais estressante do mundo, e que tem esta classifica\u00e7\u00e3o agravada pela precariedade das condi\u00e7\u00f5es de trabalho, riscos \u00e0 sa\u00fade, aus\u00eancia de higiene, falta de seguran\u00e7a e de capacita\u00e7\u00e3o constante dos superiores hier\u00e1rquicos para lidar com pessoas humanas, carregadas de pluralidades, seres \u00fanicos, capazes de realiza\u00e7\u00f5es sociais de extrema import\u00e2ncia para a constru\u00e7\u00e3o de uma sociedade justa.<\/p>\n<p>Assim como em nossa categoria, sabemos que nas coirm\u00e3s o tratamento n\u00e3o \u00e9 diferente. L\u00e1 os profissionais tamb\u00e9m s\u00e3o carentes do acompanhamento preventivo de sa\u00fade psicol\u00f3gica. Nesta situa\u00e7\u00e3o, na qual nos encontramos, de dom\u00ednio da criminalidade, agravada por mais de um ano pelo surgimento da COVID-19, a press\u00e3o sobre os profissionais de seguran\u00e7a p\u00fablica tem sido potencializada especialmente pela falta de imuniza\u00e7\u00e3o desses homens e mulheres que exercem uma atividade de car\u00e1ter essencial e que n\u00e3o admite interrup\u00e7\u00e3o, mas que lamentavelmente n\u00e3o s\u00e3o priorizados no processo de vacina\u00e7\u00e3o contra a contamina\u00e7\u00e3o que assola o mundo e que o Brasil desponta como l\u00edder de contaminados e de mortes di\u00e1rias.<\/p>\n<p>Lamentamos profundamente pela morte do Policial, mais ainda pela morte de um Servidor P\u00fablico que mesmo sem o aparato necess\u00e1rio para realiza\u00e7\u00e3o do seu trabalho, combateu at\u00e9 o \u00faltimo momento em que toda press\u00e3o da sua atividade, n\u00e3o permitisse que ele fosse mais ele mesmo. Tamb\u00e9m nos solidarizamos com os familiares e amigos do colega.<\/p>\n<p>Os representantes do SINSPPEB, continuar\u00e3o cobrando dos gestores do Estado da Bahia, para que os mesmos envidem esfor\u00e7os no sentido de acompanhar mais de perto os Policiais de todas as for\u00e7as de seguran\u00e7a, agindo pr\u00e9via e preventivamente, de forma a evitar que epis\u00f3dios como esse se repitam.<\/p>\n<p>&nbsp;<\/p>\n<p>ASCOM \u2013 SINSPPEB<\/p>\n","protected":false},"excerpt":{"rendered":"<p>A Diretoria do Sindicato dos Servidores da Pol\u00edcia Penal do Estado da Bahia (SINSPPEB), vem a p\u00fablico lamentar o epis\u00f3dio<\/p>\n","protected":false},"author":3,"featured_media":1567,"comment_status":"open","ping_status":"open","sticky":false,"template":"","format":"standard","meta":{"colormag_page_container_layout":"default_layout","colormag_page_sidebar_layout":"default_layout","footnotes":""},"categories":[45,1],"tags":[],"class_list":["post-1959","post","type-post","status-publish","format-standard","has-post-thumbnail","hentry","category-importante","category-noticias"],"_links":{"self":[{"href":"https:\/\/sinspeb.org.br\/index.php?rest_route=\/wp\/v2\/posts\/1959","targetHints":{"allow":["GET"]}}],"collection":[{"href":"https:\/\/sinspeb.org.br\/index.php?rest_route=\/wp\/v2\/posts"}],"about":[{"href":"https:\/\/sinspeb.org.br\/index.php?rest_route=\/wp\/v2\/types\/post"}],"author":[{"embeddable":true,"href":"https:\/\/sinspeb.org.br\/index.php?rest_route=\/wp\/v2\/users\/3"}],"replies":[{"embeddable":true,"href":"https:\/\/sinspeb.org.br\/index.php?rest_route=%2Fwp%2Fv2%2Fcomments&post=1959"}],"version-history":[{"count":2,"href":"https:\/\/sinspeb.org.br\/index.php?rest_route=\/wp\/v2\/posts\/1959\/revisions"}],"predecessor-version":[{"id":1961,"href":"https:\/\/sinspeb.org.br\/index.php?rest_route=\/wp\/v2\/posts\/1959\/revisions\/1961"}],"wp:featuredmedia":[{"embeddable":true,"href":"https:\/\/sinspeb.org.br\/index.php?rest_route=\/wp\/v2\/media\/1567"}],"wp:attachment":[{"href":"https:\/\/sinspeb.org.br\/index.php?rest_route=%2Fwp%2Fv2%2Fmedia&parent=1959"}],"wp:term":[{"taxonomy":"category","embeddable":true,"href":"https:\/\/sinspeb.org.br\/index.php?rest_route=%2Fwp%2Fv2%2Fcategories&post=1959"},{"taxonomy":"post_tag","embeddable":true,"href":"https:\/\/sinspeb.org.br\/index.php?rest_route=%2Fwp%2Fv2%2Ftags&post=1959"}],"curies":[{"name":"wp","href":"https:\/\/api.w.org\/{rel}","templated":true}]}}