{"id":1962,"date":"2021-03-29T17:35:43","date_gmt":"2021-03-29T20:35:43","guid":{"rendered":"http:\/\/sinspeb.org.br\/?p=1962"},"modified":"2021-03-29T17:41:11","modified_gmt":"2021-03-29T20:41:11","slug":"1962","status":"publish","type":"post","link":"https:\/\/sinspeb.org.br\/?p=1962","title":{"rendered":"REPRESENTANTES DO SINSPPEB PARTICIPAM DE REUNI\u00c3O COM A COMISS\u00c3O DE AVALIA\u00c7\u00c3O E PROMO\u00c7\u00c3O"},"content":{"rendered":"<p>O Presidente do Sindicato dos Servidores da Pol\u00edcia Penal do Estado da Bahia-SINSPPEB, Reivon Pimentel e o Coordenador Jur\u00eddico Ramon Carvalhal se reuniram na \u00faltima quarta-feira (24.03.21), com a Comiss\u00e3o de Avalia\u00e7\u00e3o e Promo\u00e7\u00e3o, com o objetivo de dialogar sobre o Decreto n\u00ba 13.192 de 18 de agosto de 2011, que regulamenta a gratifica\u00e7\u00e3o de servi\u00e7os penitenci\u00e1rios .<\/p>\n<p>Lembramos que, no dia 01 mar\u00e7o de 2021, atrav\u00e9s da Portaria n\u00ba 054, o Secret\u00e1rio de Administra\u00e7\u00e3o Penitenci\u00e1ria e Ressocializa\u00e7\u00e3o, Senhor Nestor Duarte, tornou p\u00fablico o quantitativo de vagas disponibilizadas nas classes II e III. S\u00e3o 26 (vinte e seis) vagas para a classe II e 24 (vinte e quatro) vagas para a classe III.<\/p>\n<p>Salientamos que este Processo de Promo\u00e7\u00e3o \u00e9 muito importante para a carreira dos Policiais Penais, pois a mudan\u00e7a de classe possibilita o aumento do n\u00famero de vagas na classe inicial e provavelmente os concursos que forem realizados disponibilizar\u00e3o uma quantidade maior de vagas. Al\u00e9m do mais, este processo precisa ser conclu\u00eddo para que posteriormente se instaure o processo para a mudan\u00e7a de n\u00edvel, ou seja, Progress\u00e3o.<\/p>\n<p>Sabemos o quanto \u00e9 relevante para a categoria exercer o direito de ser promovida, por isso, avisamos desde j\u00e1, que os interessados ter\u00e3o at\u00e9 o dia 10.04.2021 para enviar a solicita\u00e7\u00e3o acompanhada da documenta\u00e7\u00e3o comprobatoria necess\u00e1ria. J\u00e1 o t\u00e9rmino do processo de promo\u00e7\u00e3o se dar\u00e1 no dia 30 de abril.<\/p>\n<p>Agradecemos a Senhora Ana Am\u00e9lia Gon\u00e7alves Ca\u00e7ula, que \u00e9 a Presidente da Comiss\u00e3o, como tamb\u00e9m a todos que fazem parte desta estimada Comiss\u00e3o, pela abertura do di\u00e1logo que viabilizou a participa\u00e7\u00e3o da Entidade Representativa dos Servidores.<\/p>\n<p>GEST\u00c3O UFC \u2013 SEMPRE EM BUSCA DO MELHOR PARA A CATEGORIA!<\/p>\n<p>ASCOM \u2013 SINSPPEB<\/p>\n","protected":false},"excerpt":{"rendered":"<p>O Presidente do Sindicato dos Servidores da Pol\u00edcia Penal do Estado da Bahia-SINSPPEB, Reivon Pimentel e o Coordenador Jur\u00eddico Ramon<\/p>\n","protected":false},"author":3,"featured_media":1337,"comment_status":"open","ping_status":"open","sticky":false,"template":"","format":"standard","meta":{"colormag_page_container_layout":"default_layout","colormag_page_sidebar_layout":"default_layout","footnotes":""},"categories":[45,1],"tags":[],"class_list":["post-1962","post","type-post","status-publish","format-standard","has-post-thumbnail","hentry","category-importante","category-noticias"],"_links":{"self":[{"href":"https:\/\/sinspeb.org.br\/index.php?rest_route=\/wp\/v2\/posts\/1962","targetHints":{"allow":["GET"]}}],"collection":[{"href":"https:\/\/sinspeb.org.br\/index.php?rest_route=\/wp\/v2\/posts"}],"about":[{"href":"https:\/\/sinspeb.org.br\/index.php?rest_route=\/wp\/v2\/types\/post"}],"author":[{"embeddable":true,"href":"https:\/\/sinspeb.org.br\/index.php?rest_route=\/wp\/v2\/users\/3"}],"replies":[{"embeddable":true,"href":"https:\/\/sinspeb.org.br\/index.php?rest_route=%2Fwp%2Fv2%2Fcomments&post=1962"}],"version-history":[{"count":4,"href":"https:\/\/sinspeb.org.br\/index.php?rest_route=\/wp\/v2\/posts\/1962\/revisions"}],"predecessor-version":[{"id":1966,"href":"https:\/\/sinspeb.org.br\/index.php?rest_route=\/wp\/v2\/posts\/1962\/revisions\/1966"}],"wp:featuredmedia":[{"embeddable":true,"href":"https:\/\/sinspeb.org.br\/index.php?rest_route=\/wp\/v2\/media\/1337"}],"wp:attachment":[{"href":"https:\/\/sinspeb.org.br\/index.php?rest_route=%2Fwp%2Fv2%2Fmedia&parent=1962"}],"wp:term":[{"taxonomy":"category","embeddable":true,"href":"https:\/\/sinspeb.org.br\/index.php?rest_route=%2Fwp%2Fv2%2Fcategories&post=1962"},{"taxonomy":"post_tag","embeddable":true,"href":"https:\/\/sinspeb.org.br\/index.php?rest_route=%2Fwp%2Fv2%2Ftags&post=1962"}],"curies":[{"name":"wp","href":"https:\/\/api.w.org\/{rel}","templated":true}]}}