{"id":1987,"date":"2021-04-01T13:30:21","date_gmt":"2021-04-01T16:30:21","guid":{"rendered":"http:\/\/sinspeb.org.br\/?p=1987"},"modified":"2021-04-01T13:30:21","modified_gmt":"2021-04-01T16:30:21","slug":"comecou-hoje-a-vacinacao-dos-servidores-penitenciarios-do-estado-da-bahia-contra-a-covid-19","status":"publish","type":"post","link":"https:\/\/sinspeb.org.br\/?p=1987","title":{"rendered":"COME\u00c7OU HOJE A VACINA\u00c7\u00c3O DOS SERVIDORES PENITENCI\u00c1RIOS DO ESTADO DA BAHIA CONTRA A COVID-19"},"content":{"rendered":"<p>Com imensa satisfa\u00e7\u00e3o, anunciamos que hoje (01.04.21), come\u00e7ou a vacina\u00e7\u00e3o dos Servidores Penitenci\u00e1rios em algumas cidades, a exemplo de Feira de Santana.<\/p>\n<div style=\"width: 480px;\" class=\"wp-video\"><!--[if lt IE 9]><script>document.createElement('video');<\/script><![endif]-->\n<video class=\"wp-video-shortcode\" id=\"video-1987-1\" width=\"480\" height=\"480\" preload=\"metadata\" controls=\"controls\"><source type=\"video\/mp4\" src=\"http:\/\/sinspeb.org.br\/wp-content\/uploads\/2021\/04\/VID_45771117_194139_587.mp4?_=1\" \/><a href=\"http:\/\/sinspeb.org.br\/wp-content\/uploads\/2021\/04\/VID_45771117_194139_587.mp4\">http:\/\/sinspeb.org.br\/wp-content\/uploads\/2021\/04\/VID_45771117_194139_587.mp4<\/a><\/video><\/div>\n<p>Salientamos que, em conversa com o Secret\u00e1rio de Administra\u00e7\u00e3o Penitenci\u00e1ria e Ressocializa\u00e7\u00e3o, Senhor Nestor Duarte, o Presidente do Sindicato dos Servidores da Pol\u00edcia Penal do Estado da Bahia-SINSPPEB, Reivon Pimentel foi informado de que a listagem com os dados dos Servidores Penitenci\u00e1rios de Salvador e de todo o Estado da Bahia j\u00e1 foi enviada para a Secretaria da Sa\u00fade do Estado da Bahia-SESAB.<\/p>\n<div style=\"width: 480px;\" class=\"wp-video\"><video class=\"wp-video-shortcode\" id=\"video-1987-2\" width=\"480\" height=\"480\" preload=\"metadata\" controls=\"controls\"><source type=\"video\/mp4\" src=\"http:\/\/sinspeb.org.br\/wp-content\/uploads\/2021\/04\/VID_45771119_084040_061.mp4?_=2\" \/><a href=\"http:\/\/sinspeb.org.br\/wp-content\/uploads\/2021\/04\/VID_45771119_084040_061.mp4\">http:\/\/sinspeb.org.br\/wp-content\/uploads\/2021\/04\/VID_45771119_084040_061.mp4<\/a><\/video><\/div>\n<p>A pedido do Secret\u00e1rio, o Superintendente, Senhor J\u00falio C\u00e9sar far\u00e1 contato com o representante da SESAB para averiguar o motivo pelo qual os Servidores de Salvador ainda n\u00e3o terem sido inclu\u00eddos no grupo que j\u00e1 est\u00e1 sendo vacinado hoje, e tamb\u00e9m para saber quando ser\u00e1 iniciada a imuniza\u00e7\u00e3o dos Servidores da Capital.<\/p>\n<p>&nbsp;<\/p>\n<p><img fetchpriority=\"high\" decoding=\"async\" class=\"alignnone size-medium wp-image-1991\" src=\"http:\/\/sinspeb.org.br\/wp-content\/uploads\/2021\/04\/IMG_20210401_130253_449-300x300.jpg\" alt=\"\" width=\"300\" height=\"300\" srcset=\"https:\/\/sinspeb.org.br\/wp-content\/uploads\/2021\/04\/IMG_20210401_130253_449-300x300.jpg 300w, https:\/\/sinspeb.org.br\/wp-content\/uploads\/2021\/04\/IMG_20210401_130253_449-150x150.jpg 150w, https:\/\/sinspeb.org.br\/wp-content\/uploads\/2021\/04\/IMG_20210401_130253_449-768x768.jpg 768w, https:\/\/sinspeb.org.br\/wp-content\/uploads\/2021\/04\/IMG_20210401_130253_449.jpg 960w\" sizes=\"(max-width: 300px) 100vw, 300px\" \/><\/p>\n<p>&nbsp;<\/p>\n<p>GEST\u00c3O UFC &#8211; IMUNIZAR \u00c9 PROTEGER A CATEGORIA!<\/p>\n<p>ASCOM &#8211; SINSPPEB<\/p>\n","protected":false},"excerpt":{"rendered":"<p>Com imensa satisfa\u00e7\u00e3o, anunciamos que hoje (01.04.21), come\u00e7ou a vacina\u00e7\u00e3o dos Servidores Penitenci\u00e1rios em algumas cidades, a exemplo de Feira<\/p>\n","protected":false},"author":3,"featured_media":1990,"comment_status":"open","ping_status":"open","sticky":false,"template":"","format":"standard","meta":{"colormag_page_container_layout":"default_layout","colormag_page_sidebar_layout":"default_layout","footnotes":""},"categories":[45,1],"tags":[],"class_list":["post-1987","post","type-post","status-publish","format-standard","has-post-thumbnail","hentry","category-importante","category-noticias"],"_links":{"self":[{"href":"https:\/\/sinspeb.org.br\/index.php?rest_route=\/wp\/v2\/posts\/1987","targetHints":{"allow":["GET"]}}],"collection":[{"href":"https:\/\/sinspeb.org.br\/index.php?rest_route=\/wp\/v2\/posts"}],"about":[{"href":"https:\/\/sinspeb.org.br\/index.php?rest_route=\/wp\/v2\/types\/post"}],"author":[{"embeddable":true,"href":"https:\/\/sinspeb.org.br\/index.php?rest_route=\/wp\/v2\/users\/3"}],"replies":[{"embeddable":true,"href":"https:\/\/sinspeb.org.br\/index.php?rest_route=%2Fwp%2Fv2%2Fcomments&post=1987"}],"version-history":[{"count":1,"href":"https:\/\/sinspeb.org.br\/index.php?rest_route=\/wp\/v2\/posts\/1987\/revisions"}],"predecessor-version":[{"id":1992,"href":"https:\/\/sinspeb.org.br\/index.php?rest_route=\/wp\/v2\/posts\/1987\/revisions\/1992"}],"wp:featuredmedia":[{"embeddable":true,"href":"https:\/\/sinspeb.org.br\/index.php?rest_route=\/wp\/v2\/media\/1990"}],"wp:attachment":[{"href":"https:\/\/sinspeb.org.br\/index.php?rest_route=%2Fwp%2Fv2%2Fmedia&parent=1987"}],"wp:term":[{"taxonomy":"category","embeddable":true,"href":"https:\/\/sinspeb.org.br\/index.php?rest_route=%2Fwp%2Fv2%2Fcategories&post=1987"},{"taxonomy":"post_tag","embeddable":true,"href":"https:\/\/sinspeb.org.br\/index.php?rest_route=%2Fwp%2Fv2%2Ftags&post=1987"}],"curies":[{"name":"wp","href":"https:\/\/api.w.org\/{rel}","templated":true}]}}