{"id":1993,"date":"2021-04-01T16:45:27","date_gmt":"2021-04-01T19:45:27","guid":{"rendered":"http:\/\/sinspeb.org.br\/?p=1993"},"modified":"2021-04-01T16:45:27","modified_gmt":"2021-04-01T19:45:27","slug":"servidores-penitenciarios-de-salvador-serao-vacinados-contra-a-covid-19-a-partir-de-segunda-feira","status":"publish","type":"post","link":"https:\/\/sinspeb.org.br\/?p=1993","title":{"rendered":"SERVIDORES PENITENCI\u00c1RIOS DE SALVADOR SER\u00c3O VACINADOS CONTRA A COVID-19 A PARTIR DE SEGUNDA-FEIRA"},"content":{"rendered":"<p>Avisamos que a partir da pr\u00f3xima segunda-feira (05.04.21), come\u00e7ar\u00e1 a imuniza\u00e7\u00e3o contra a Covid-19 para os Servidores Penitenci\u00e1rios de Salvador com 50 (cinquenta) anos ou mais.<\/p>\n<p>Recebemos esta informa\u00e7\u00e3o do Centro de Opera\u00e7\u00f5es de Emerg\u00eancia em Sa\u00fade P\u00fablica-COE, na tarde de hoje (01.04.21). Ainda nos foi dito que o COE estava cobrando da Secretaria da Sa\u00fade do Estado da Bahia-SESAB, a lista com os nomes dos Servidores Penitenci\u00e1rios para alimentar o Sistema. Desta forma, de posse da referida lista, na segunda ser\u00e1 iniciada a vacina\u00e7\u00e3o dos Servidores Penitenci\u00e1rios da Capital do Estado.<\/p>\n<p>Ressaltamos que ser\u00e1 divulgado em breve um card informando os 04 (quatro) locais de vacina\u00e7\u00e3o.<\/p>\n<p>\ud83d\udca1 Segue o trecho da Resolu\u00e7\u00e3o aprovada pela Comiss\u00e3o Intergestores Bipartite da Bahia-CIB, que afasta qualquer d\u00favida em rela\u00e7\u00e3o \u00e0 inclus\u00e3o dos Servidores Penitenci\u00e1rios no Rol das Categorias que est\u00e3o sendo priorizadas na vacina\u00e7\u00e3o.\ud83d\udc47\ud83c\udffc<\/p>\n<p>&nbsp;<\/p>\n<p>RESOLU\u00c7\u00c3O CIB N\u00ba 055\/2021<\/p>\n<p>Art. 2\u00ba Incluir na vacina\u00e7\u00e3o contra a COVID &#8211; 19, o grupo for\u00e7a de seguran\u00e7a e salvamento, a partir de 50 anos e mais.<br \/>\n.<br \/>\n.<br \/>\n.<\/p>\n<p>\u00a7 1\u00ba Considerar para vacina\u00e7\u00e3o, conforme disponibilidade de vacinas a serem liberadas pelo MS, a ordem de atendimento a seguir dos trabalhadores deste grupo de for\u00e7a de seguran\u00e7a e salvamento de 50 anos e mais:<\/p>\n<p>a) Policiais militares;<\/p>\n<p>b) Policiais civis;<\/p>\n<p>c) Policiais do corpo de Bombeiros;<\/p>\n<p>d) Policiais federais;<\/p>\n<p>e) Policiais penitenci\u00e1rios;<\/p>\n<p>f) Guardas municipais, conforme especifica\u00e7\u00e3o em lista a ser encaminhada pelos gestores de sa\u00fade dos munic\u00edpios, ap\u00f3s alinhamento com a Secretaria de Seguran\u00e7a P\u00fablica Municipal;<\/p>\n<p>g) Guardas de tr\u00e2nsito, conforme especifica\u00e7\u00e3o em lista a ser encaminhada pelos gestores de sa\u00fade dos munic\u00edpios, ap\u00f3s alinhamento com a Secretaria de Seguran\u00e7a P\u00fablica Municipal.<\/p>\n<p>Art. 4\u00ba As Resolu\u00e7\u00f5es CIB N\u00ba 006, 013, 015, 016\/2021, 027\/2021, 028 e 034\/2021, 036, 41 e 043\/2021,devem ser consideradas revogadas por apresentarem disposi\u00e7\u00f5es contr\u00e1rias ou n\u00e3o mais condizentes com a situa\u00e7\u00e3o atual.<\/p>\n<p>.<br \/>\n.<br \/>\n.<\/p>\n<p>Salvador, 30 de mar\u00e7o de 2021.<\/p>\n<p>&nbsp;<\/p>\n<p>&nbsp;<\/p>\n<p>F\u00e1bio Vilas-Boas Pinto<\/p>\n<p>Secret\u00e1rio Estadual da Sa\u00fade<\/p>\n<p>Coordenador da CIB\/BA<\/p>\n<p>Stela dos Santos Souza<\/p>\n<p>Presidente do COSEMS\/BA<\/p>\n<p>Coordenadora Adjunta da CIB\/BA<\/p>\n<p>&nbsp;<\/p>\n<p>ASCOM &#8211; SINSPPEB<\/p>\n","protected":false},"excerpt":{"rendered":"<p>Avisamos que a partir da pr\u00f3xima segunda-feira (05.04.21), come\u00e7ar\u00e1 a imuniza\u00e7\u00e3o contra a Covid-19 para os Servidores Penitenci\u00e1rios de Salvador<\/p>\n","protected":false},"author":3,"featured_media":1337,"comment_status":"open","ping_status":"open","sticky":false,"template":"","format":"standard","meta":{"colormag_page_container_layout":"default_layout","colormag_page_sidebar_layout":"default_layout","footnotes":""},"categories":[45,1],"tags":[],"class_list":["post-1993","post","type-post","status-publish","format-standard","has-post-thumbnail","hentry","category-importante","category-noticias"],"_links":{"self":[{"href":"https:\/\/sinspeb.org.br\/index.php?rest_route=\/wp\/v2\/posts\/1993","targetHints":{"allow":["GET"]}}],"collection":[{"href":"https:\/\/sinspeb.org.br\/index.php?rest_route=\/wp\/v2\/posts"}],"about":[{"href":"https:\/\/sinspeb.org.br\/index.php?rest_route=\/wp\/v2\/types\/post"}],"author":[{"embeddable":true,"href":"https:\/\/sinspeb.org.br\/index.php?rest_route=\/wp\/v2\/users\/3"}],"replies":[{"embeddable":true,"href":"https:\/\/sinspeb.org.br\/index.php?rest_route=%2Fwp%2Fv2%2Fcomments&post=1993"}],"version-history":[{"count":1,"href":"https:\/\/sinspeb.org.br\/index.php?rest_route=\/wp\/v2\/posts\/1993\/revisions"}],"predecessor-version":[{"id":1994,"href":"https:\/\/sinspeb.org.br\/index.php?rest_route=\/wp\/v2\/posts\/1993\/revisions\/1994"}],"wp:featuredmedia":[{"embeddable":true,"href":"https:\/\/sinspeb.org.br\/index.php?rest_route=\/wp\/v2\/media\/1337"}],"wp:attachment":[{"href":"https:\/\/sinspeb.org.br\/index.php?rest_route=%2Fwp%2Fv2%2Fmedia&parent=1993"}],"wp:term":[{"taxonomy":"category","embeddable":true,"href":"https:\/\/sinspeb.org.br\/index.php?rest_route=%2Fwp%2Fv2%2Fcategories&post=1993"},{"taxonomy":"post_tag","embeddable":true,"href":"https:\/\/sinspeb.org.br\/index.php?rest_route=%2Fwp%2Fv2%2Ftags&post=1993"}],"curies":[{"name":"wp","href":"https:\/\/api.w.org\/{rel}","templated":true}]}}