{"id":1995,"date":"2021-04-05T12:50:32","date_gmt":"2021-04-05T15:50:32","guid":{"rendered":"http:\/\/sinspeb.org.br\/?p=1995"},"modified":"2021-04-05T12:50:32","modified_gmt":"2021-04-05T15:50:32","slug":"representantes-da-seap-e-da-sesab-se-reunem-hoje-para-determinar-os-locais-de-vacinacao-contra-a-covid-19-para-os-servidores-penitenciarios-da-capital","status":"publish","type":"post","link":"https:\/\/sinspeb.org.br\/?p=1995","title":{"rendered":"REPRESENTANTES DA SEAP E DA SESAB SE RE\u00daNEM HOJE PARA DETERMINAR OS LOCAIS DE VACINA\u00c7\u00c3O CONTRA A COVID-19 PARA OS SERVIDORES PENITENCI\u00c1RIOS DA CAPITAL"},"content":{"rendered":"<p>Diante da infeliz surpresa que todos os Servidores Penitenci\u00e1rios da Capital tiveram na data de hoje (05.04.21), ao tomarem conhecimento de que n\u00e3o estavam inclu\u00eddos no card de vacina\u00e7\u00e3o desta segunda-feira, haja vista que a informa\u00e7\u00e3o anterior era de que os mesmos seriam vacinados hoje, o Coordenador de Eventos do SINSPPEB, Jorge Bastos, entrou em contato com o Superintendente de Gest\u00e3o Prisional, Senhor J\u00falio C\u00e9sar e ap\u00f3s esse referido contato, fomos informados de que ainda hoje haver\u00e1 uma reuni\u00e3o entre os representantes da Secretaria de Administra\u00e7\u00e3o Penitenci\u00e1ria e Ressocializa\u00e7\u00e3o do Estado da Bahia-SEAP\/BA e da Secretaria da Sa\u00fade do Estado da Bahia-SESAB, com a finalidade de decidir sobre a data exata e onde ser\u00e3o os locais de vacina\u00e7\u00e3o contra a COVID-19 para os Servidores Penitenci\u00e1rios de Salvador.<\/p>\n<p>Lembramos que na \u00faltima quinta-feira (01.04.21), o Centro de Opera\u00e7\u00f5es de Emerg\u00eancia em Sa\u00fade P\u00fablica-COE, informou que a vacina\u00e7\u00e3o come\u00e7aria na data de hoje e que al\u00e9m disso, publicaria um card comunicando os 04 (quatro) locais onde ficariam os postos de imuniza\u00e7\u00e3o. No entanto, at\u00e9 o momento isso n\u00e3o ocorreu, quando na verdade estes locais deveriam ter sido definidos no mesmo momento em que foram anunciados os locais de vacina\u00e7\u00e3o das outras categorias da Seguran\u00e7a P\u00fablica.<\/p>\n<p>Salientamos que, em virtude deste descaso por parte da SEAP para com seus Servidores, e com o crescimento do n\u00famero de casos de Covid-19 nos Estabelecimentos Penais, j\u00e1 h\u00e1 no seio da categoria o desejo de paralisar as atividades. Todavia, a Diretoria do SINSPPEB orienta a categoria para que aguarde o desenrolar da citada reuni\u00e3o, para que caso a situa\u00e7\u00e3o n\u00e3o seja resolvida, possamos dar os devidos encaminhamentos.<\/p>\n<p>Ressaltamos ainda que, em entrevista ao programa Ronda da TV ARATU, tamb\u00e9m no \u00faltimo dia 01.04.21, depois do COE confirmar a vacina\u00e7\u00e3o dos Servidores, o Presidente do SINSPPEB, Reivon Pimentel, sugeriu que um dos postos de vacina\u00e7\u00e3o fosse instalado no Complexo Penitenci\u00e1rio de Salvador, localizado no bairro da Mata Escura, como forma de facilitar e simplificar a imuniza\u00e7\u00e3o.<\/p>\n<p>Nesta manh\u00e3, Reivon reiterou atrav\u00e9s de mensagem por WHATSAPP, enviada ao Superintendente, sobre a necessidade de implanta\u00e7\u00e3o deste posto no Complexo, uma vez que as for\u00e7as policiais coirm\u00e3s ter\u00e3o postos de Imuniza\u00e7\u00e3o instalados em suas respectivas sedes para oferecer aos seus prepostos maior comodidade.<\/p>\n<p>GEST\u00c3O UFC \u2013 VACINA\u00c7\u00c3O J\u00c1!<\/p>\n<p>ASCOM \u2013 SINSPPEB<\/p>\n","protected":false},"excerpt":{"rendered":"<p>Diante da infeliz surpresa que todos os Servidores Penitenci\u00e1rios da Capital tiveram na data de hoje (05.04.21), ao tomarem conhecimento<\/p>\n","protected":false},"author":3,"featured_media":1567,"comment_status":"open","ping_status":"open","sticky":false,"template":"","format":"standard","meta":{"colormag_page_container_layout":"default_layout","colormag_page_sidebar_layout":"default_layout","footnotes":""},"categories":[45,1],"tags":[],"class_list":["post-1995","post","type-post","status-publish","format-standard","has-post-thumbnail","hentry","category-importante","category-noticias"],"_links":{"self":[{"href":"https:\/\/sinspeb.org.br\/index.php?rest_route=\/wp\/v2\/posts\/1995","targetHints":{"allow":["GET"]}}],"collection":[{"href":"https:\/\/sinspeb.org.br\/index.php?rest_route=\/wp\/v2\/posts"}],"about":[{"href":"https:\/\/sinspeb.org.br\/index.php?rest_route=\/wp\/v2\/types\/post"}],"author":[{"embeddable":true,"href":"https:\/\/sinspeb.org.br\/index.php?rest_route=\/wp\/v2\/users\/3"}],"replies":[{"embeddable":true,"href":"https:\/\/sinspeb.org.br\/index.php?rest_route=%2Fwp%2Fv2%2Fcomments&post=1995"}],"version-history":[{"count":1,"href":"https:\/\/sinspeb.org.br\/index.php?rest_route=\/wp\/v2\/posts\/1995\/revisions"}],"predecessor-version":[{"id":1996,"href":"https:\/\/sinspeb.org.br\/index.php?rest_route=\/wp\/v2\/posts\/1995\/revisions\/1996"}],"wp:featuredmedia":[{"embeddable":true,"href":"https:\/\/sinspeb.org.br\/index.php?rest_route=\/wp\/v2\/media\/1567"}],"wp:attachment":[{"href":"https:\/\/sinspeb.org.br\/index.php?rest_route=%2Fwp%2Fv2%2Fmedia&parent=1995"}],"wp:term":[{"taxonomy":"category","embeddable":true,"href":"https:\/\/sinspeb.org.br\/index.php?rest_route=%2Fwp%2Fv2%2Fcategories&post=1995"},{"taxonomy":"post_tag","embeddable":true,"href":"https:\/\/sinspeb.org.br\/index.php?rest_route=%2Fwp%2Fv2%2Ftags&post=1995"}],"curies":[{"name":"wp","href":"https:\/\/api.w.org\/{rel}","templated":true}]}}