{"id":1997,"date":"2021-04-05T18:30:20","date_gmt":"2021-04-05T21:30:20","guid":{"rendered":"http:\/\/sinspeb.org.br\/?p=1997"},"modified":"2021-04-05T18:30:20","modified_gmt":"2021-04-05T21:30:20","slug":"nota-de-pesar-11","status":"publish","type":"post","link":"https:\/\/sinspeb.org.br\/?p=1997","title":{"rendered":"NOTA DE PESAR"},"content":{"rendered":"<p>\u00c9 com extremo pesar que o Sindicato dos Servidores da Pol\u00edcia Penal do Estado da Bahia-SINSPPEB, informa sobre o falecimento do Senhor Joselito Batista Rebou\u00e7as, v\u00edtima da Covid-19, sogro da colega Vilma Sim\u00e3o Santana Rebou\u00e7as, lotada no Conjunto Penal Advogado Nilton Gon\u00e7alves de Vit\u00f3ria da Conquista.<\/p>\n<p>N\u00f3s sabemos que a vida passa rapidamente e que um dia todos n\u00f3s iremos partir, por\u00e9m nunca estamos preparados o suficiente para perdemos as pessoas que amamos. Pra quem fica resta a saudade, pra quem se vai o descanso eterno o aguarda.<\/p>\n<p>Por isso, muito respeitosamente prestamos as nossas condol\u00eancias e deixamos nossos mais sinceros p\u00easames.<\/p>\n<p>&nbsp;<\/p>\n<p>ASCOM-SINSPPEB<\/p>\n","protected":false},"excerpt":{"rendered":"<p>\u00c9 com extremo pesar que o Sindicato dos Servidores da Pol\u00edcia Penal do Estado da Bahia-SINSPPEB, informa sobre o falecimento<\/p>\n","protected":false},"author":3,"featured_media":1983,"comment_status":"open","ping_status":"open","sticky":false,"template":"","format":"standard","meta":{"colormag_page_container_layout":"default_layout","colormag_page_sidebar_layout":"default_layout","footnotes":""},"categories":[45,1],"tags":[],"class_list":["post-1997","post","type-post","status-publish","format-standard","has-post-thumbnail","hentry","category-importante","category-noticias"],"_links":{"self":[{"href":"https:\/\/sinspeb.org.br\/index.php?rest_route=\/wp\/v2\/posts\/1997","targetHints":{"allow":["GET"]}}],"collection":[{"href":"https:\/\/sinspeb.org.br\/index.php?rest_route=\/wp\/v2\/posts"}],"about":[{"href":"https:\/\/sinspeb.org.br\/index.php?rest_route=\/wp\/v2\/types\/post"}],"author":[{"embeddable":true,"href":"https:\/\/sinspeb.org.br\/index.php?rest_route=\/wp\/v2\/users\/3"}],"replies":[{"embeddable":true,"href":"https:\/\/sinspeb.org.br\/index.php?rest_route=%2Fwp%2Fv2%2Fcomments&post=1997"}],"version-history":[{"count":1,"href":"https:\/\/sinspeb.org.br\/index.php?rest_route=\/wp\/v2\/posts\/1997\/revisions"}],"predecessor-version":[{"id":1998,"href":"https:\/\/sinspeb.org.br\/index.php?rest_route=\/wp\/v2\/posts\/1997\/revisions\/1998"}],"wp:featuredmedia":[{"embeddable":true,"href":"https:\/\/sinspeb.org.br\/index.php?rest_route=\/wp\/v2\/media\/1983"}],"wp:attachment":[{"href":"https:\/\/sinspeb.org.br\/index.php?rest_route=%2Fwp%2Fv2%2Fmedia&parent=1997"}],"wp:term":[{"taxonomy":"category","embeddable":true,"href":"https:\/\/sinspeb.org.br\/index.php?rest_route=%2Fwp%2Fv2%2Fcategories&post=1997"},{"taxonomy":"post_tag","embeddable":true,"href":"https:\/\/sinspeb.org.br\/index.php?rest_route=%2Fwp%2Fv2%2Ftags&post=1997"}],"curies":[{"name":"wp","href":"https:\/\/api.w.org\/{rel}","templated":true}]}}