{"id":2005,"date":"2021-04-09T17:07:46","date_gmt":"2021-04-09T20:07:46","guid":{"rendered":"http:\/\/sinspeb.org.br\/?p=2005"},"modified":"2021-04-09T17:07:46","modified_gmt":"2021-04-09T20:07:46","slug":"vacinacao-contra-a-covid-19-no-complexo-penitenciario-de-salvador-sera-so-ate-hoje-as-16h","status":"publish","type":"post","link":"https:\/\/sinspeb.org.br\/?p=2005","title":{"rendered":"VACINA\u00c7\u00c3O CONTRA A COVID-19 NO COMPLEXO PENITENCI\u00c1RIO DE SALVADOR SER\u00c1 S\u00d3 AT\u00c9 HOJE \u00c0S 16H"},"content":{"rendered":"<p>Informamos que o Posto de Vacina\u00e7\u00e3o contra a COVID-19 para os Policiais Penais com 50 (cinquenta) anos ou mais, instalado na Base do Grupo Especializado em Opera\u00e7\u00f5es Penitenci\u00e1rias-GEOP, tem previs\u00e3o de funcionar apenas hoje (09.04.21), ate \u00e0s 16h. Sendo assim, a partir de amanh\u00e3 (10.04.21), os Policiais Penais com a faixa et\u00e1ria citada acima, dever\u00e3o seguir as orienta\u00e7\u00f5es divulgadas pela Secretaria Municipal de Sa\u00fade acerca dos locais de vacina\u00e7\u00e3o.<\/p>\n<p>Ressaltamos que, o calend\u00e1rio de vacina\u00e7\u00e3o dos demais Policiais Penais abaixo de 50 (cinquenta) anos ser\u00e1 divulgado logo ap\u00f3s o t\u00e9rmino do processo de vacina\u00e7ao do grupo que est\u00e1 sendo imunizado agora.<\/p>\n<p>&nbsp;<\/p>\n<p>ASCOM -SINSPPEB<\/p>\n","protected":false},"excerpt":{"rendered":"<p>Informamos que o Posto de Vacina\u00e7\u00e3o contra a COVID-19 para os Policiais Penais com 50 (cinquenta) anos ou mais, instalado<\/p>\n","protected":false},"author":3,"featured_media":1567,"comment_status":"open","ping_status":"open","sticky":false,"template":"","format":"standard","meta":{"colormag_page_container_layout":"default_layout","colormag_page_sidebar_layout":"default_layout","footnotes":""},"categories":[45,1],"tags":[],"class_list":["post-2005","post","type-post","status-publish","format-standard","has-post-thumbnail","hentry","category-importante","category-noticias"],"_links":{"self":[{"href":"https:\/\/sinspeb.org.br\/index.php?rest_route=\/wp\/v2\/posts\/2005","targetHints":{"allow":["GET"]}}],"collection":[{"href":"https:\/\/sinspeb.org.br\/index.php?rest_route=\/wp\/v2\/posts"}],"about":[{"href":"https:\/\/sinspeb.org.br\/index.php?rest_route=\/wp\/v2\/types\/post"}],"author":[{"embeddable":true,"href":"https:\/\/sinspeb.org.br\/index.php?rest_route=\/wp\/v2\/users\/3"}],"replies":[{"embeddable":true,"href":"https:\/\/sinspeb.org.br\/index.php?rest_route=%2Fwp%2Fv2%2Fcomments&post=2005"}],"version-history":[{"count":1,"href":"https:\/\/sinspeb.org.br\/index.php?rest_route=\/wp\/v2\/posts\/2005\/revisions"}],"predecessor-version":[{"id":2006,"href":"https:\/\/sinspeb.org.br\/index.php?rest_route=\/wp\/v2\/posts\/2005\/revisions\/2006"}],"wp:featuredmedia":[{"embeddable":true,"href":"https:\/\/sinspeb.org.br\/index.php?rest_route=\/wp\/v2\/media\/1567"}],"wp:attachment":[{"href":"https:\/\/sinspeb.org.br\/index.php?rest_route=%2Fwp%2Fv2%2Fmedia&parent=2005"}],"wp:term":[{"taxonomy":"category","embeddable":true,"href":"https:\/\/sinspeb.org.br\/index.php?rest_route=%2Fwp%2Fv2%2Fcategories&post=2005"},{"taxonomy":"post_tag","embeddable":true,"href":"https:\/\/sinspeb.org.br\/index.php?rest_route=%2Fwp%2Fv2%2Ftags&post=2005"}],"curies":[{"name":"wp","href":"https:\/\/api.w.org\/{rel}","templated":true}]}}