{"id":2007,"date":"2021-04-12T13:22:04","date_gmt":"2021-04-12T16:22:04","guid":{"rendered":"http:\/\/sinspeb.org.br\/?p=2007"},"modified":"2021-04-12T13:22:04","modified_gmt":"2021-04-12T16:22:04","slug":"comunicado","status":"publish","type":"post","link":"https:\/\/sinspeb.org.br\/?p=2007","title":{"rendered":"COMUNICADO"},"content":{"rendered":"<p>Senhores e Senhoras Policiais Penais,<\/p>\n<p>In\u00fameras not\u00edcias tem chegado ao conhecimento da Diretoria do Sindicato dos Servidores da Pol\u00edcia Penal do Estado da Bahia-SINSPPEB, dando ci\u00eancia de que Servidores ocupantes de cargos comissionados t\u00eam desempenhado fun\u00e7\u00f5es t\u00edpicas e exclusivas dos Policiais Penais, inclusive portando arma de fogo institucional, fazendo escoltas de presos e participando de opera\u00e7\u00f5es policiais, como se policiais fossem.<\/p>\n<p>Essa quest\u00e3o n\u00e3o \u00e9 novidade e j\u00e1 foi objeto de manifesta\u00e7\u00e3o pela Diretoria do SINSPPEB tanto em rela\u00e7\u00e3o aos prestadores de servi\u00e7o quanto aos comissionados. Recordamos o caso envolvendo o ex-servidor Ciro Freitas, ocupante de cargo comissionado, que estava de forma contumaz participando de opera\u00e7\u00f5es policiais e ilegalmente fazendo uso de arma de fogo. Na ocasi\u00e3o, alertamos que a prerrogativa de porte de arma de fogo institucional \u00e9 exclusiva de Servidores de carreira, n\u00e3o sendo poss\u00edvel a extens\u00e3o de tal prerrogativa aos Servidores ocupantes de cargos comissionados, nem tampouco aos prestadores de servi\u00e7o.<\/p>\n<p>Foi suscitada \u00e0 \u00e9poca a possibilidade de o Servidor possuir porte de arma de fogo expedido pela Pol\u00edcia Federal e foi esclarecido que, mesmo diante desta hip\u00f3tese, o porte de arma de fogo expedido pela PF \u00e9 exclusivamente para defesa pessoal, n\u00e3o sendo autorizado que o detentor de tal concess\u00e3o fa\u00e7a uso de arma de fogo em nome do Estado. Os Servidores comissionados que adotam tal postura cometem crime de porte ilegal de arma de fogo, e devem ser presos em flagrante pelo policial que flagrar tal conduta.<\/p>\n<p>Portanto, Diretor, Diretor Adjunto, Coordenador de Seguran\u00e7a, Coordenadores de Vigil\u00e2ncia ou qualquer outro Servidor comissionado que n\u00e3o seja policial, n\u00e3o det\u00eam a prerrogativa legal de porte de arma de fogo em servi\u00e7o, ainda que detenham o porte de arma de fogo de defesa pessoal expedido pela Pol\u00edcia Federal.<\/p>\n<p>O SINSPPEB oficiar\u00e1 os gestores da Secretaria de Administra\u00e7\u00e3o Penitenci\u00e1ria e Ressocializa\u00e7\u00e3o do Estado da Bahia-SEAP\/BA, apontando os nomes dos citados Servidores, apresentando inclusive registros fotogr\u00e1ficos de tal conduta, solicitando assim que esta irregularidade seja sanada e, caso haja not\u00edcia de que a situa\u00e7\u00e3o permanece, adotar\u00e1 as medidas cab\u00edveis junto \u00e0 Pol\u00edcia Judici\u00e1ria e ao Minist\u00e9rio P\u00fablico Estadual.<\/p>\n<p>ASCOM \u2013 SINSPPEB<\/p>\n","protected":false},"excerpt":{"rendered":"<p>Senhores e Senhoras Policiais Penais, In\u00fameras not\u00edcias tem chegado ao conhecimento da Diretoria do Sindicato dos Servidores da Pol\u00edcia Penal<\/p>\n","protected":false},"author":3,"featured_media":1567,"comment_status":"open","ping_status":"open","sticky":false,"template":"","format":"standard","meta":{"colormag_page_container_layout":"default_layout","colormag_page_sidebar_layout":"default_layout","footnotes":""},"categories":[45,1],"tags":[],"class_list":["post-2007","post","type-post","status-publish","format-standard","has-post-thumbnail","hentry","category-importante","category-noticias"],"_links":{"self":[{"href":"https:\/\/sinspeb.org.br\/index.php?rest_route=\/wp\/v2\/posts\/2007","targetHints":{"allow":["GET"]}}],"collection":[{"href":"https:\/\/sinspeb.org.br\/index.php?rest_route=\/wp\/v2\/posts"}],"about":[{"href":"https:\/\/sinspeb.org.br\/index.php?rest_route=\/wp\/v2\/types\/post"}],"author":[{"embeddable":true,"href":"https:\/\/sinspeb.org.br\/index.php?rest_route=\/wp\/v2\/users\/3"}],"replies":[{"embeddable":true,"href":"https:\/\/sinspeb.org.br\/index.php?rest_route=%2Fwp%2Fv2%2Fcomments&post=2007"}],"version-history":[{"count":1,"href":"https:\/\/sinspeb.org.br\/index.php?rest_route=\/wp\/v2\/posts\/2007\/revisions"}],"predecessor-version":[{"id":2008,"href":"https:\/\/sinspeb.org.br\/index.php?rest_route=\/wp\/v2\/posts\/2007\/revisions\/2008"}],"wp:featuredmedia":[{"embeddable":true,"href":"https:\/\/sinspeb.org.br\/index.php?rest_route=\/wp\/v2\/media\/1567"}],"wp:attachment":[{"href":"https:\/\/sinspeb.org.br\/index.php?rest_route=%2Fwp%2Fv2%2Fmedia&parent=2007"}],"wp:term":[{"taxonomy":"category","embeddable":true,"href":"https:\/\/sinspeb.org.br\/index.php?rest_route=%2Fwp%2Fv2%2Fcategories&post=2007"},{"taxonomy":"post_tag","embeddable":true,"href":"https:\/\/sinspeb.org.br\/index.php?rest_route=%2Fwp%2Fv2%2Ftags&post=2007"}],"curies":[{"name":"wp","href":"https:\/\/api.w.org\/{rel}","templated":true}]}}