{"id":2009,"date":"2021-04-12T15:56:22","date_gmt":"2021-04-12T18:56:22","guid":{"rendered":"http:\/\/sinspeb.org.br\/?p=2009"},"modified":"2021-04-12T15:56:22","modified_gmt":"2021-04-12T18:56:22","slug":"nota-de-agradecimento","status":"publish","type":"post","link":"https:\/\/sinspeb.org.br\/?p=2009","title":{"rendered":"NOTA DE AGRADECIMENTO"},"content":{"rendered":"<p>Na \u00faltima sexta-feira (09.04.21), das 08h30min at\u00e9 \u00e0s 16h, ocorreu a vacina\u00e7\u00e3o contra a COVID-19 para os Policiais Penais com 50 (cinquenta) anos ou mais. O Posto de Imuniza\u00e7\u00e3o foi instalado na Sede do Grupo Especializado em Opera\u00e7\u00f5es Penitenci\u00e1rias-GEOP, que fica localizada dentro do Complexo Penitenci\u00e1rio de Salvador.<\/p>\n<p>Lembramos que, em atendimento ao pedido da Categoria foi sugerido pelo Presidente do Sindicato dos Servidores da Pol\u00edcia Penal do Estado da Bahia-SINSPPEB, Reivon Pimentel, que um dos postos de vacina\u00e7\u00e3o fosse instalado no Complexo como forma de garantir comodidade aos Policiais Penais e consequentemente simplificar o processo de imuniza\u00e7\u00e3o.<\/p>\n<div style=\"width: 720px;\" class=\"wp-video\"><!--[if lt IE 9]><script>document.createElement('video');<\/script><![endif]-->\n<video class=\"wp-video-shortcode\" id=\"video-2009-1\" width=\"720\" height=\"720\" preload=\"metadata\" controls=\"controls\"><source type=\"video\/mp4\" src=\"http:\/\/sinspeb.org.br\/wp-content\/uploads\/2021\/04\/VID_27670624_232150_803.mp4?_=1\" \/><a href=\"http:\/\/sinspeb.org.br\/wp-content\/uploads\/2021\/04\/VID_27670624_232150_803.mp4\">http:\/\/sinspeb.org.br\/wp-content\/uploads\/2021\/04\/VID_27670624_232150_803.mp4<\/a><\/video><\/div>\n<p>&nbsp;<\/p>\n<p>\ud83d\udca1Ressaltamos ainda, que por enquanto est\u00e1 suspensa a primeira dose da vacina contra a COVID-19 para todos os p\u00fablicos em Salvador. Todavia, ser\u00e1 retomada quando uma nova remessa de imunizantes for encaminhada pela Gest\u00e3o Federal para a Capital Baiana.<\/p>\n<p>O Presidente do SINSPPEB e toda a Gest\u00e3o Uni\u00e3o, For\u00e7a e Conquistas-UFC, agradecem a todos os envolvidos nesta a\u00e7\u00e3o, especialmente a Dra. Rosa Virg\u00ednia do Centro de Opera\u00e7\u00f5es de Emerg\u00eancia em Sa\u00fade P\u00fablica-COE, que com muita efici\u00eancia e boa vontade atendeu as nossas liga\u00e7\u00f5es e nos concedeu todas as informa\u00e7\u00f5es necess\u00e1rias.<\/p>\n<p>GEST\u00c3O UFC \u2013 VACINA PARA TODOS OS SERVIDORES PENITENCI\u00c1RIOS J\u00c1!<\/p>\n<p>&nbsp;<\/p>\n<p>ASCOM \u2013SINSPPEB<\/p>\n","protected":false},"excerpt":{"rendered":"<p>Na \u00faltima sexta-feira (09.04.21), das 08h30min at\u00e9 \u00e0s 16h, ocorreu a vacina\u00e7\u00e3o contra a COVID-19 para os Policiais Penais com<\/p>\n","protected":false},"author":3,"featured_media":2010,"comment_status":"open","ping_status":"open","sticky":false,"template":"","format":"standard","meta":{"colormag_page_container_layout":"default_layout","colormag_page_sidebar_layout":"default_layout","footnotes":""},"categories":[45,1],"tags":[],"class_list":["post-2009","post","type-post","status-publish","format-standard","has-post-thumbnail","hentry","category-importante","category-noticias"],"_links":{"self":[{"href":"https:\/\/sinspeb.org.br\/index.php?rest_route=\/wp\/v2\/posts\/2009","targetHints":{"allow":["GET"]}}],"collection":[{"href":"https:\/\/sinspeb.org.br\/index.php?rest_route=\/wp\/v2\/posts"}],"about":[{"href":"https:\/\/sinspeb.org.br\/index.php?rest_route=\/wp\/v2\/types\/post"}],"author":[{"embeddable":true,"href":"https:\/\/sinspeb.org.br\/index.php?rest_route=\/wp\/v2\/users\/3"}],"replies":[{"embeddable":true,"href":"https:\/\/sinspeb.org.br\/index.php?rest_route=%2Fwp%2Fv2%2Fcomments&post=2009"}],"version-history":[{"count":1,"href":"https:\/\/sinspeb.org.br\/index.php?rest_route=\/wp\/v2\/posts\/2009\/revisions"}],"predecessor-version":[{"id":2015,"href":"https:\/\/sinspeb.org.br\/index.php?rest_route=\/wp\/v2\/posts\/2009\/revisions\/2015"}],"wp:featuredmedia":[{"embeddable":true,"href":"https:\/\/sinspeb.org.br\/index.php?rest_route=\/wp\/v2\/media\/2010"}],"wp:attachment":[{"href":"https:\/\/sinspeb.org.br\/index.php?rest_route=%2Fwp%2Fv2%2Fmedia&parent=2009"}],"wp:term":[{"taxonomy":"category","embeddable":true,"href":"https:\/\/sinspeb.org.br\/index.php?rest_route=%2Fwp%2Fv2%2Fcategories&post=2009"},{"taxonomy":"post_tag","embeddable":true,"href":"https:\/\/sinspeb.org.br\/index.php?rest_route=%2Fwp%2Fv2%2Ftags&post=2009"}],"curies":[{"name":"wp","href":"https:\/\/api.w.org\/{rel}","templated":true}]}}