{"id":2016,"date":"2021-04-12T17:30:41","date_gmt":"2021-04-12T20:30:41","guid":{"rendered":"http:\/\/sinspeb.org.br\/?p=2016"},"modified":"2021-04-12T17:30:41","modified_gmt":"2021-04-12T20:30:41","slug":"diretoria-do-sinsppeb-presenteia-categoria","status":"publish","type":"post","link":"https:\/\/sinspeb.org.br\/?p=2016","title":{"rendered":"DIRETORIA DO SINSPPEB PRESENTEIA CATEGORIA"},"content":{"rendered":"<p>A Diretoria do Sindicato dos Servidores da Pol\u00edcia Penal do Estado da Bahia-SINSPPEB, atendendo \u00e0s solicita\u00e7\u00f5es feitas pelos Servidores Penitenci\u00e1rios, concernentes a aus\u00eancia de alguns utens\u00edlios que facilitam o suprimento de suas necessidades di\u00e1rias, adquiriu e entregou um Quadro de Avisos e um Forno Micro-Ondas para serem utilizados na Penitenci\u00e1ria Lemos Brito-PLB, como tamb\u00e9m um bebedouro para uso dos Servidores Penitenci\u00e1rios da Col\u00f4nia Penal Lafayete Coutinho-CPLC.<\/p>\n<p><img fetchpriority=\"high\" decoding=\"async\" class=\"alignnone size-medium wp-image-2017\" src=\"http:\/\/sinspeb.org.br\/wp-content\/uploads\/2021\/04\/IMG_20210412_172434_975-300x300.jpg\" alt=\"\" width=\"300\" height=\"300\" srcset=\"https:\/\/sinspeb.org.br\/wp-content\/uploads\/2021\/04\/IMG_20210412_172434_975-300x300.jpg 300w, https:\/\/sinspeb.org.br\/wp-content\/uploads\/2021\/04\/IMG_20210412_172434_975-1024x1024.jpg 1024w, https:\/\/sinspeb.org.br\/wp-content\/uploads\/2021\/04\/IMG_20210412_172434_975-150x150.jpg 150w, https:\/\/sinspeb.org.br\/wp-content\/uploads\/2021\/04\/IMG_20210412_172434_975-768x768.jpg 768w, https:\/\/sinspeb.org.br\/wp-content\/uploads\/2021\/04\/IMG_20210412_172434_975.jpg 1080w\" sizes=\"(max-width: 300px) 100vw, 300px\" \/><\/p>\n<p>Vale salientar, que os representantes da Secretaria de Administra\u00e7\u00e3o Penitenci\u00e1ria e Ressocializa\u00e7\u00e3o do Estado da Bahia-SEAP\/BA, t\u00eam a obriga\u00e7\u00e3o de, mediante visitas habituais nas Unidades Prisionais, inspecionar o que falta para os Servidores e posteriormente providenciar. Como estas a\u00e7\u00f5es n\u00e3o est\u00e3o sendo devidamente realizadas pela SEAP, a Gest\u00e3o Uni\u00e3o, For\u00e7a e Conquistas-UFC, n\u00e3o mediu esfor\u00e7os e procurou com brevidade atender as necessidades da categoria, pois a melhoria das condi\u00e7\u00f5es de trabalho \u00e9 uma das bandeiras empunhadas pela Gest\u00e3o UFC!<\/p>\n<p><img decoding=\"async\" class=\"alignnone size-medium wp-image-2018\" src=\"http:\/\/sinspeb.org.br\/wp-content\/uploads\/2021\/04\/IMG_20210412_172434_990-300x300.jpg\" alt=\"\" width=\"300\" height=\"300\" srcset=\"https:\/\/sinspeb.org.br\/wp-content\/uploads\/2021\/04\/IMG_20210412_172434_990-300x300.jpg 300w, https:\/\/sinspeb.org.br\/wp-content\/uploads\/2021\/04\/IMG_20210412_172434_990-1024x1024.jpg 1024w, https:\/\/sinspeb.org.br\/wp-content\/uploads\/2021\/04\/IMG_20210412_172434_990-150x150.jpg 150w, https:\/\/sinspeb.org.br\/wp-content\/uploads\/2021\/04\/IMG_20210412_172434_990-768x768.jpg 768w, https:\/\/sinspeb.org.br\/wp-content\/uploads\/2021\/04\/IMG_20210412_172434_990.jpg 1080w\" sizes=\"(max-width: 300px) 100vw, 300px\" \/><\/p>\n<p>GEST\u00c3O UFC \u2013 HONRANDO O VOTO DE CONFIAN\u00c7A DA CATEGORIA!<\/p>\n<p>&nbsp;<\/p>\n<p>ASCOM \u2013 SINSPPEB<\/p>\n","protected":false},"excerpt":{"rendered":"<p>A Diretoria do Sindicato dos Servidores da Pol\u00edcia Penal do Estado da Bahia-SINSPPEB, atendendo \u00e0s solicita\u00e7\u00f5es feitas pelos Servidores Penitenci\u00e1rios,<\/p>\n","protected":false},"author":3,"featured_media":2019,"comment_status":"open","ping_status":"open","sticky":false,"template":"","format":"standard","meta":{"colormag_page_container_layout":"default_layout","colormag_page_sidebar_layout":"default_layout","footnotes":""},"categories":[45,1],"tags":[],"class_list":["post-2016","post","type-post","status-publish","format-standard","has-post-thumbnail","hentry","category-importante","category-noticias"],"_links":{"self":[{"href":"https:\/\/sinspeb.org.br\/index.php?rest_route=\/wp\/v2\/posts\/2016","targetHints":{"allow":["GET"]}}],"collection":[{"href":"https:\/\/sinspeb.org.br\/index.php?rest_route=\/wp\/v2\/posts"}],"about":[{"href":"https:\/\/sinspeb.org.br\/index.php?rest_route=\/wp\/v2\/types\/post"}],"author":[{"embeddable":true,"href":"https:\/\/sinspeb.org.br\/index.php?rest_route=\/wp\/v2\/users\/3"}],"replies":[{"embeddable":true,"href":"https:\/\/sinspeb.org.br\/index.php?rest_route=%2Fwp%2Fv2%2Fcomments&post=2016"}],"version-history":[{"count":1,"href":"https:\/\/sinspeb.org.br\/index.php?rest_route=\/wp\/v2\/posts\/2016\/revisions"}],"predecessor-version":[{"id":2020,"href":"https:\/\/sinspeb.org.br\/index.php?rest_route=\/wp\/v2\/posts\/2016\/revisions\/2020"}],"wp:featuredmedia":[{"embeddable":true,"href":"https:\/\/sinspeb.org.br\/index.php?rest_route=\/wp\/v2\/media\/2019"}],"wp:attachment":[{"href":"https:\/\/sinspeb.org.br\/index.php?rest_route=%2Fwp%2Fv2%2Fmedia&parent=2016"}],"wp:term":[{"taxonomy":"category","embeddable":true,"href":"https:\/\/sinspeb.org.br\/index.php?rest_route=%2Fwp%2Fv2%2Fcategories&post=2016"},{"taxonomy":"post_tag","embeddable":true,"href":"https:\/\/sinspeb.org.br\/index.php?rest_route=%2Fwp%2Fv2%2Ftags&post=2016"}],"curies":[{"name":"wp","href":"https:\/\/api.w.org\/{rel}","templated":true}]}}