{"id":2031,"date":"2021-04-14T16:27:01","date_gmt":"2021-04-14T19:27:01","guid":{"rendered":"http:\/\/sinspeb.org.br\/?p=2031"},"modified":"2021-04-15T17:05:01","modified_gmt":"2021-04-15T20:05:01","slug":"diretoria-do-sinsppeb-solicita-inclusao-de-seus-membros-na-discussao-da-minuta-que-regulamenta-a-policia-penal-da-bahia","status":"publish","type":"post","link":"https:\/\/sinspeb.org.br\/?p=2031","title":{"rendered":"DIRETORIA DO SINSPPEB SOLICITA INCLUS\u00c3O DE SEUS MEMBROS NA DISCUSS\u00c3O DA MINUTA QUE REGULAMENTA A POL\u00cdCIA PENAL DA BAHIA"},"content":{"rendered":"<p>De acordo com a Constitui\u00e7\u00e3o Federal de 1988-CF\/88, mais precisamente em seu art. 10: \u00c9 assegurada a participa\u00e7\u00e3o dos trabalhadores e empregadores nos colegiados dos \u00f3rg\u00e3os p\u00fablicos em que seus interesses profissionais ou previdenci\u00e1rios sejam objeto de discuss\u00e3o e delibera\u00e7\u00e3o.<\/p>\n<p>Diante da garantia deste direito citado acima, o Presidente do Sindicato dos Servidores da Pol\u00edcia Penal do Estado da Bahia-SINSPPEB, Reivon Pimentel, protocolou ontem (13.04.21), of\u00edcios, solicitando ao Secret\u00e1rio de Administra\u00e7\u00e3o Penitenci\u00e1ria e Ressocializa\u00e7\u00e3o do Estado da Bahia, Senhor Nestor Duarte, como tamb\u00e9m ao Superintendente de Ressocializa\u00e7\u00e3o Sustent\u00e1vel, Senhor Lu\u00eds Ant\u00f4nio Nascimento Fonseca e ao Superintendente de Gest\u00e3o Prisional, Senhor J\u00falio C\u00e9sar Ferreira dos Santos, a inclus\u00e3o de integrantes do SINSPPEB no grupo de trabalho que discutir\u00e1 e apresentar\u00e1 a Minuta de Regulamenta\u00e7\u00e3o da Pol\u00edcia Penal no Estado da Bahia.<\/p>\n<p><img fetchpriority=\"high\" decoding=\"async\" class=\"alignnone size-medium wp-image-2056\" src=\"http:\/\/sinspeb.org.br\/wp-content\/uploads\/2021\/04\/Oficio-095-DE-2021-inclusao-de-membros-...speb-no-gt-da-regulamentacao-PP-BA1-212x300.png\" alt=\"\" width=\"212\" height=\"300\" srcset=\"https:\/\/sinspeb.org.br\/wp-content\/uploads\/2021\/04\/Oficio-095-DE-2021-inclusao-de-membros-...speb-no-gt-da-regulamentacao-PP-BA1-212x300.png 212w, https:\/\/sinspeb.org.br\/wp-content\/uploads\/2021\/04\/Oficio-095-DE-2021-inclusao-de-membros-...speb-no-gt-da-regulamentacao-PP-BA1-724x1024.png 724w, https:\/\/sinspeb.org.br\/wp-content\/uploads\/2021\/04\/Oficio-095-DE-2021-inclusao-de-membros-...speb-no-gt-da-regulamentacao-PP-BA1-768x1086.png 768w, https:\/\/sinspeb.org.br\/wp-content\/uploads\/2021\/04\/Oficio-095-DE-2021-inclusao-de-membros-...speb-no-gt-da-regulamentacao-PP-BA1-1086x1536.png 1086w, https:\/\/sinspeb.org.br\/wp-content\/uploads\/2021\/04\/Oficio-095-DE-2021-inclusao-de-membros-...speb-no-gt-da-regulamentacao-PP-BA1.png 1240w\" sizes=\"(max-width: 212px) 100vw, 212px\" \/> <img decoding=\"async\" class=\"alignnone size-medium wp-image-2057\" src=\"http:\/\/sinspeb.org.br\/wp-content\/uploads\/2021\/04\/Oficio-095-DE-2021-inclusao-de-membros-...speb-no-gt-da-regulamentacao-PP-BA2-1-212x300.png\" alt=\"\" width=\"212\" height=\"300\" srcset=\"https:\/\/sinspeb.org.br\/wp-content\/uploads\/2021\/04\/Oficio-095-DE-2021-inclusao-de-membros-...speb-no-gt-da-regulamentacao-PP-BA2-1-212x300.png 212w, https:\/\/sinspeb.org.br\/wp-content\/uploads\/2021\/04\/Oficio-095-DE-2021-inclusao-de-membros-...speb-no-gt-da-regulamentacao-PP-BA2-1-724x1024.png 724w, https:\/\/sinspeb.org.br\/wp-content\/uploads\/2021\/04\/Oficio-095-DE-2021-inclusao-de-membros-...speb-no-gt-da-regulamentacao-PP-BA2-1-768x1086.png 768w, https:\/\/sinspeb.org.br\/wp-content\/uploads\/2021\/04\/Oficio-095-DE-2021-inclusao-de-membros-...speb-no-gt-da-regulamentacao-PP-BA2-1-1086x1536.png 1086w, https:\/\/sinspeb.org.br\/wp-content\/uploads\/2021\/04\/Oficio-095-DE-2021-inclusao-de-membros-...speb-no-gt-da-regulamentacao-PP-BA2-1.png 1240w\" sizes=\"(max-width: 212px) 100vw, 212px\" \/> <img decoding=\"async\" class=\"alignnone size-medium wp-image-2058\" src=\"http:\/\/sinspeb.org.br\/wp-content\/uploads\/2021\/04\/Oficio-095-DE-2021-inclusao-de-membros-...speb-no-gt-da-regulamentacao-PP-BA3-1-212x300.png\" alt=\"\" width=\"212\" height=\"300\" srcset=\"https:\/\/sinspeb.org.br\/wp-content\/uploads\/2021\/04\/Oficio-095-DE-2021-inclusao-de-membros-...speb-no-gt-da-regulamentacao-PP-BA3-1-212x300.png 212w, https:\/\/sinspeb.org.br\/wp-content\/uploads\/2021\/04\/Oficio-095-DE-2021-inclusao-de-membros-...speb-no-gt-da-regulamentacao-PP-BA3-1-724x1024.png 724w, https:\/\/sinspeb.org.br\/wp-content\/uploads\/2021\/04\/Oficio-095-DE-2021-inclusao-de-membros-...speb-no-gt-da-regulamentacao-PP-BA3-1-768x1086.png 768w, https:\/\/sinspeb.org.br\/wp-content\/uploads\/2021\/04\/Oficio-095-DE-2021-inclusao-de-membros-...speb-no-gt-da-regulamentacao-PP-BA3-1-1086x1536.png 1086w, https:\/\/sinspeb.org.br\/wp-content\/uploads\/2021\/04\/Oficio-095-DE-2021-inclusao-de-membros-...speb-no-gt-da-regulamentacao-PP-BA3-1.png 1240w\" sizes=\"(max-width: 212px) 100vw, 212px\" \/><\/p>\n<p><img loading=\"lazy\" decoding=\"async\" class=\"alignnone size-medium wp-image-2059\" src=\"http:\/\/sinspeb.org.br\/wp-content\/uploads\/2021\/04\/Oficio-096-DE-2021-inclusao-de-membros-...-no-gt-da-regulamentacao-PP-BA-SRS1-212x300.png\" alt=\"\" width=\"212\" height=\"300\" srcset=\"https:\/\/sinspeb.org.br\/wp-content\/uploads\/2021\/04\/Oficio-096-DE-2021-inclusao-de-membros-...-no-gt-da-regulamentacao-PP-BA-SRS1-212x300.png 212w, https:\/\/sinspeb.org.br\/wp-content\/uploads\/2021\/04\/Oficio-096-DE-2021-inclusao-de-membros-...-no-gt-da-regulamentacao-PP-BA-SRS1-724x1024.png 724w, https:\/\/sinspeb.org.br\/wp-content\/uploads\/2021\/04\/Oficio-096-DE-2021-inclusao-de-membros-...-no-gt-da-regulamentacao-PP-BA-SRS1-768x1086.png 768w, https:\/\/sinspeb.org.br\/wp-content\/uploads\/2021\/04\/Oficio-096-DE-2021-inclusao-de-membros-...-no-gt-da-regulamentacao-PP-BA-SRS1-1086x1536.png 1086w, https:\/\/sinspeb.org.br\/wp-content\/uploads\/2021\/04\/Oficio-096-DE-2021-inclusao-de-membros-...-no-gt-da-regulamentacao-PP-BA-SRS1.png 1240w\" sizes=\"(max-width: 212px) 100vw, 212px\" \/> <img loading=\"lazy\" decoding=\"async\" class=\"alignnone size-medium wp-image-2060\" src=\"http:\/\/sinspeb.org.br\/wp-content\/uploads\/2021\/04\/Oficio-096-DE-2021-inclusao-de-membros-...-no-gt-da-regulamentacao-PP-BA-SRS2-1-212x300.png\" alt=\"\" width=\"212\" height=\"300\" srcset=\"https:\/\/sinspeb.org.br\/wp-content\/uploads\/2021\/04\/Oficio-096-DE-2021-inclusao-de-membros-...-no-gt-da-regulamentacao-PP-BA-SRS2-1-212x300.png 212w, https:\/\/sinspeb.org.br\/wp-content\/uploads\/2021\/04\/Oficio-096-DE-2021-inclusao-de-membros-...-no-gt-da-regulamentacao-PP-BA-SRS2-1-724x1024.png 724w, https:\/\/sinspeb.org.br\/wp-content\/uploads\/2021\/04\/Oficio-096-DE-2021-inclusao-de-membros-...-no-gt-da-regulamentacao-PP-BA-SRS2-1-768x1086.png 768w, https:\/\/sinspeb.org.br\/wp-content\/uploads\/2021\/04\/Oficio-096-DE-2021-inclusao-de-membros-...-no-gt-da-regulamentacao-PP-BA-SRS2-1-1086x1536.png 1086w, https:\/\/sinspeb.org.br\/wp-content\/uploads\/2021\/04\/Oficio-096-DE-2021-inclusao-de-membros-...-no-gt-da-regulamentacao-PP-BA-SRS2-1.png 1240w\" sizes=\"(max-width: 212px) 100vw, 212px\" \/> <img loading=\"lazy\" decoding=\"async\" class=\"alignnone size-medium wp-image-2061\" src=\"http:\/\/sinspeb.org.br\/wp-content\/uploads\/2021\/04\/Oficio-096-DE-2021-inclusao-de-membros-...-no-gt-da-regulamentacao-PP-BA-SRS3-1-212x300.png\" alt=\"\" width=\"212\" height=\"300\" srcset=\"https:\/\/sinspeb.org.br\/wp-content\/uploads\/2021\/04\/Oficio-096-DE-2021-inclusao-de-membros-...-no-gt-da-regulamentacao-PP-BA-SRS3-1-212x300.png 212w, https:\/\/sinspeb.org.br\/wp-content\/uploads\/2021\/04\/Oficio-096-DE-2021-inclusao-de-membros-...-no-gt-da-regulamentacao-PP-BA-SRS3-1-724x1024.png 724w, https:\/\/sinspeb.org.br\/wp-content\/uploads\/2021\/04\/Oficio-096-DE-2021-inclusao-de-membros-...-no-gt-da-regulamentacao-PP-BA-SRS3-1-768x1086.png 768w, https:\/\/sinspeb.org.br\/wp-content\/uploads\/2021\/04\/Oficio-096-DE-2021-inclusao-de-membros-...-no-gt-da-regulamentacao-PP-BA-SRS3-1-1086x1536.png 1086w, https:\/\/sinspeb.org.br\/wp-content\/uploads\/2021\/04\/Oficio-096-DE-2021-inclusao-de-membros-...-no-gt-da-regulamentacao-PP-BA-SRS3-1.png 1240w\" sizes=\"(max-width: 212px) 100vw, 212px\" \/><\/p>\n<p><img loading=\"lazy\" decoding=\"async\" class=\"alignnone size-medium wp-image-2062\" src=\"http:\/\/sinspeb.org.br\/wp-content\/uploads\/2021\/04\/Oficio-097-DE-2021-inclusao-de-membros-...-no-gt-da-regulamentacao-PP-BA-SGP1-212x300.png\" alt=\"\" width=\"212\" height=\"300\" srcset=\"https:\/\/sinspeb.org.br\/wp-content\/uploads\/2021\/04\/Oficio-097-DE-2021-inclusao-de-membros-...-no-gt-da-regulamentacao-PP-BA-SGP1-212x300.png 212w, https:\/\/sinspeb.org.br\/wp-content\/uploads\/2021\/04\/Oficio-097-DE-2021-inclusao-de-membros-...-no-gt-da-regulamentacao-PP-BA-SGP1-724x1024.png 724w, https:\/\/sinspeb.org.br\/wp-content\/uploads\/2021\/04\/Oficio-097-DE-2021-inclusao-de-membros-...-no-gt-da-regulamentacao-PP-BA-SGP1-768x1086.png 768w, https:\/\/sinspeb.org.br\/wp-content\/uploads\/2021\/04\/Oficio-097-DE-2021-inclusao-de-membros-...-no-gt-da-regulamentacao-PP-BA-SGP1-1086x1536.png 1086w, https:\/\/sinspeb.org.br\/wp-content\/uploads\/2021\/04\/Oficio-097-DE-2021-inclusao-de-membros-...-no-gt-da-regulamentacao-PP-BA-SGP1.png 1240w\" sizes=\"(max-width: 212px) 100vw, 212px\" \/> <img loading=\"lazy\" decoding=\"async\" class=\"alignnone size-medium wp-image-2063\" src=\"http:\/\/sinspeb.org.br\/wp-content\/uploads\/2021\/04\/Oficio-097-DE-2021-inclusao-de-membros-...-no-gt-da-regulamentacao-PP-BA-SGP2-1-212x300.png\" alt=\"\" width=\"212\" height=\"300\" srcset=\"https:\/\/sinspeb.org.br\/wp-content\/uploads\/2021\/04\/Oficio-097-DE-2021-inclusao-de-membros-...-no-gt-da-regulamentacao-PP-BA-SGP2-1-212x300.png 212w, https:\/\/sinspeb.org.br\/wp-content\/uploads\/2021\/04\/Oficio-097-DE-2021-inclusao-de-membros-...-no-gt-da-regulamentacao-PP-BA-SGP2-1-724x1024.png 724w, https:\/\/sinspeb.org.br\/wp-content\/uploads\/2021\/04\/Oficio-097-DE-2021-inclusao-de-membros-...-no-gt-da-regulamentacao-PP-BA-SGP2-1-768x1086.png 768w, https:\/\/sinspeb.org.br\/wp-content\/uploads\/2021\/04\/Oficio-097-DE-2021-inclusao-de-membros-...-no-gt-da-regulamentacao-PP-BA-SGP2-1-1086x1536.png 1086w, https:\/\/sinspeb.org.br\/wp-content\/uploads\/2021\/04\/Oficio-097-DE-2021-inclusao-de-membros-...-no-gt-da-regulamentacao-PP-BA-SGP2-1.png 1240w\" sizes=\"(max-width: 212px) 100vw, 212px\" \/> <img loading=\"lazy\" decoding=\"async\" class=\"alignnone size-medium wp-image-2064\" src=\"http:\/\/sinspeb.org.br\/wp-content\/uploads\/2021\/04\/Oficio-097-DE-2021-inclusao-de-membros-...-no-gt-da-regulamentacao-PP-BA-SGP3-1-212x300.png\" alt=\"\" width=\"212\" height=\"300\" srcset=\"https:\/\/sinspeb.org.br\/wp-content\/uploads\/2021\/04\/Oficio-097-DE-2021-inclusao-de-membros-...-no-gt-da-regulamentacao-PP-BA-SGP3-1-212x300.png 212w, https:\/\/sinspeb.org.br\/wp-content\/uploads\/2021\/04\/Oficio-097-DE-2021-inclusao-de-membros-...-no-gt-da-regulamentacao-PP-BA-SGP3-1-724x1024.png 724w, https:\/\/sinspeb.org.br\/wp-content\/uploads\/2021\/04\/Oficio-097-DE-2021-inclusao-de-membros-...-no-gt-da-regulamentacao-PP-BA-SGP3-1-768x1086.png 768w, https:\/\/sinspeb.org.br\/wp-content\/uploads\/2021\/04\/Oficio-097-DE-2021-inclusao-de-membros-...-no-gt-da-regulamentacao-PP-BA-SGP3-1-1086x1536.png 1086w, https:\/\/sinspeb.org.br\/wp-content\/uploads\/2021\/04\/Oficio-097-DE-2021-inclusao-de-membros-...-no-gt-da-regulamentacao-PP-BA-SGP3-1.png 1240w\" sizes=\"(max-width: 212px) 100vw, 212px\" \/><\/p>\n<p>Frisamos, que \u00e9 de extrema import\u00e2ncia a participa\u00e7\u00e3o dos representantes da Categoria na discuss\u00e3o da referida minuta, por isso, os membros da Diretoria Sindical indicados foram: o Vice-Presidente do SINSPPEB, Fernando Fernandes e o Diretor do Departamento de Estat\u00edstica do SINSPPEB, Manoel Marcelo Mascarenhas, ambos com vasta experi\u00eancia no Sistema Prisional e que sem sombra de d\u00favida contribuir\u00e3o e defender\u00e3o os interesses dos Policiais Penais e demais Servidores Penitenci\u00e1rios.<\/p>\n<p>GEST\u00c3O UFC \u2013 REGULAMENTA\u00c7\u00c3O DA POL\u00cdCIA PENAL DA BAHIA J\u00c1!<\/p>\n<p>&nbsp;<\/p>\n<p>ASCOM \u2013 SINSPPEB<\/p>\n","protected":false},"excerpt":{"rendered":"<p>De acordo com a Constitui\u00e7\u00e3o Federal de 1988-CF\/88, mais precisamente em seu art. 10: \u00c9 assegurada a participa\u00e7\u00e3o dos trabalhadores<\/p>\n","protected":false},"author":3,"featured_media":1337,"comment_status":"open","ping_status":"open","sticky":false,"template":"","format":"standard","meta":{"colormag_page_container_layout":"default_layout","colormag_page_sidebar_layout":"default_layout","footnotes":""},"categories":[45,1],"tags":[],"class_list":["post-2031","post","type-post","status-publish","format-standard","has-post-thumbnail","hentry","category-importante","category-noticias"],"_links":{"self":[{"href":"https:\/\/sinspeb.org.br\/index.php?rest_route=\/wp\/v2\/posts\/2031","targetHints":{"allow":["GET"]}}],"collection":[{"href":"https:\/\/sinspeb.org.br\/index.php?rest_route=\/wp\/v2\/posts"}],"about":[{"href":"https:\/\/sinspeb.org.br\/index.php?rest_route=\/wp\/v2\/types\/post"}],"author":[{"embeddable":true,"href":"https:\/\/sinspeb.org.br\/index.php?rest_route=\/wp\/v2\/users\/3"}],"replies":[{"embeddable":true,"href":"https:\/\/sinspeb.org.br\/index.php?rest_route=%2Fwp%2Fv2%2Fcomments&post=2031"}],"version-history":[{"count":3,"href":"https:\/\/sinspeb.org.br\/index.php?rest_route=\/wp\/v2\/posts\/2031\/revisions"}],"predecessor-version":[{"id":2065,"href":"https:\/\/sinspeb.org.br\/index.php?rest_route=\/wp\/v2\/posts\/2031\/revisions\/2065"}],"wp:featuredmedia":[{"embeddable":true,"href":"https:\/\/sinspeb.org.br\/index.php?rest_route=\/wp\/v2\/media\/1337"}],"wp:attachment":[{"href":"https:\/\/sinspeb.org.br\/index.php?rest_route=%2Fwp%2Fv2%2Fmedia&parent=2031"}],"wp:term":[{"taxonomy":"category","embeddable":true,"href":"https:\/\/sinspeb.org.br\/index.php?rest_route=%2Fwp%2Fv2%2Fcategories&post=2031"},{"taxonomy":"post_tag","embeddable":true,"href":"https:\/\/sinspeb.org.br\/index.php?rest_route=%2Fwp%2Fv2%2Ftags&post=2031"}],"curies":[{"name":"wp","href":"https:\/\/api.w.org\/{rel}","templated":true}]}}