{"id":2033,"date":"2021-04-15T16:10:34","date_gmt":"2021-04-15T19:10:34","guid":{"rendered":"http:\/\/sinspeb.org.br\/?p=2033"},"modified":"2021-04-15T17:19:12","modified_gmt":"2021-04-15T20:19:12","slug":"diretor-do-cpfs-convoca-de-forma-ditatorial-e-ilegal-policiais-penais-para-que-compulsoriamente-realizem-servico-extraordinario","status":"publish","type":"post","link":"https:\/\/sinspeb.org.br\/?p=2033","title":{"rendered":"DIRETOR DO CPFS CONVOCA DE FORMA DITATORIAL E ILEGAL POLICIAIS PENAIS PARA QUE COMPULSORIAMENTE REALIZEM SERVI\u00c7O EXTRAORDIN\u00c1RIO!"},"content":{"rendered":"<p>No dia 13.04.21 (ter\u00e7a-feira), os Policiais Penais do Conjunto Penal de Feira de Santana-CPFS, foram surpreendidos pelo Diretor da Unidade Allan Silva Ara\u00fajo, com a convoca\u00e7\u00e3o obrigat\u00f3ria para realiza\u00e7\u00e3o de horas extras, sob a descabida alega\u00e7\u00e3o de que devido ao atual d\u00e9ficit de efetivo de Policiais Penais no CPFS, os Policiais deveriam acatar a referida convoca\u00e7\u00e3o com a finalidade de manter o bom funcionamento da Unidade. O surpreendente \u00e9 que o Senhor Allan, mediante a falta da correta interpreta\u00e7\u00e3o legal, usou o artigo 175, inciso X da Lei 6.677\/94 (Estatuto do Servidor P\u00fablico Civil), que diz que \u00e9 dever do Servidor ser ass\u00edduo e pontual ao servi\u00e7o, inclusive comparecendo \u00e0 reparti\u00e7\u00e3o em hor\u00e1rio extraordin\u00e1rio, quando convocado; para justificar a obrigatoriedade da escala extraordin\u00e1ria.<\/p>\n<p><img fetchpriority=\"high\" decoding=\"async\" class=\"alignnone size-medium wp-image-2034\" src=\"http:\/\/sinspeb.org.br\/wp-content\/uploads\/2021\/04\/oficio-99-de-20211-212x300.png\" alt=\"\" width=\"212\" height=\"300\" srcset=\"https:\/\/sinspeb.org.br\/wp-content\/uploads\/2021\/04\/oficio-99-de-20211-212x300.png 212w, https:\/\/sinspeb.org.br\/wp-content\/uploads\/2021\/04\/oficio-99-de-20211-724x1024.png 724w, https:\/\/sinspeb.org.br\/wp-content\/uploads\/2021\/04\/oficio-99-de-20211-768x1086.png 768w, https:\/\/sinspeb.org.br\/wp-content\/uploads\/2021\/04\/oficio-99-de-20211-1086x1536.png 1086w, https:\/\/sinspeb.org.br\/wp-content\/uploads\/2021\/04\/oficio-99-de-20211.png 1240w\" sizes=\"(max-width: 212px) 100vw, 212px\" \/> <img decoding=\"async\" class=\"alignnone size-medium wp-image-2036\" src=\"http:\/\/sinspeb.org.br\/wp-content\/uploads\/2021\/04\/oficio-99-de-20212-212x300.png\" alt=\"\" width=\"212\" height=\"300\" srcset=\"https:\/\/sinspeb.org.br\/wp-content\/uploads\/2021\/04\/oficio-99-de-20212-212x300.png 212w, https:\/\/sinspeb.org.br\/wp-content\/uploads\/2021\/04\/oficio-99-de-20212-724x1024.png 724w, https:\/\/sinspeb.org.br\/wp-content\/uploads\/2021\/04\/oficio-99-de-20212-768x1086.png 768w, https:\/\/sinspeb.org.br\/wp-content\/uploads\/2021\/04\/oficio-99-de-20212-1086x1536.png 1086w, https:\/\/sinspeb.org.br\/wp-content\/uploads\/2021\/04\/oficio-99-de-20212.png 1240w\" sizes=\"(max-width: 212px) 100vw, 212px\" \/><img decoding=\"async\" class=\"alignnone size-medium wp-image-2035\" src=\"http:\/\/sinspeb.org.br\/wp-content\/uploads\/2021\/04\/oficio-99-de-20213-212x300.png\" alt=\"\" width=\"212\" height=\"300\" srcset=\"https:\/\/sinspeb.org.br\/wp-content\/uploads\/2021\/04\/oficio-99-de-20213-212x300.png 212w, https:\/\/sinspeb.org.br\/wp-content\/uploads\/2021\/04\/oficio-99-de-20213-724x1024.png 724w, https:\/\/sinspeb.org.br\/wp-content\/uploads\/2021\/04\/oficio-99-de-20213-768x1086.png 768w, https:\/\/sinspeb.org.br\/wp-content\/uploads\/2021\/04\/oficio-99-de-20213-1086x1536.png 1086w, https:\/\/sinspeb.org.br\/wp-content\/uploads\/2021\/04\/oficio-99-de-20213.png 1240w\" sizes=\"(max-width: 212px) 100vw, 212px\" \/><\/p>\n<p>Ressaltamos que o Par\u00e1grafo \u00fanico do artigo 90 do Estatuto do Servidor P\u00fablico Civil estabelece que o servi\u00e7o extraordin\u00e1rio somente ser\u00e1 permitido para atender a situa\u00e7\u00f5es excepcionais e tempor\u00e1rias, respeitando o limite m\u00e1ximo de 02 (duas) horas di\u00e1rias, citando ainda condi\u00e7\u00f5es de realiza\u00e7\u00e3o a serem regidas por regulamento. Ser\u00e1 que o Diretor da Unidade n\u00e3o sabe que o baixo efetivo de Policiais Penais faz parte do cotidiano dos Estabelecimentos Prisionais e que por esse motivo jamais poder\u00e1 ser igualado a algo excepcional ou tempor\u00e1rio? O plant\u00e3o extraordin\u00e1rio em hip\u00f3tese alguma pode ser obrigat\u00f3rio, muito menos diante da alega\u00e7\u00e3o falsa usada pelo Senhor Allan. A atitude do Diretor do CPFS revela o requinte de crueldade, neglig\u00eancia, insensatez e falta de respeito pela categoria.<\/p>\n<p><img loading=\"lazy\" decoding=\"async\" class=\"alignnone size-medium wp-image-2037\" src=\"http:\/\/sinspeb.org.br\/wp-content\/uploads\/2021\/04\/IMG-20210414-WA0034-218x300.jpg\" alt=\"\" width=\"218\" height=\"300\" srcset=\"https:\/\/sinspeb.org.br\/wp-content\/uploads\/2021\/04\/IMG-20210414-WA0034-218x300.jpg 218w, https:\/\/sinspeb.org.br\/wp-content\/uploads\/2021\/04\/IMG-20210414-WA0034-744x1024.jpg 744w, https:\/\/sinspeb.org.br\/wp-content\/uploads\/2021\/04\/IMG-20210414-WA0034-768x1057.jpg 768w, https:\/\/sinspeb.org.br\/wp-content\/uploads\/2021\/04\/IMG-20210414-WA0034.jpg 930w\" sizes=\"(max-width: 218px) 100vw, 218px\" \/> <img loading=\"lazy\" decoding=\"async\" class=\"alignnone size-medium wp-image-2038\" src=\"http:\/\/sinspeb.org.br\/wp-content\/uploads\/2021\/04\/IMG-20210414-WA0035-215x300.jpg\" alt=\"\" width=\"215\" height=\"300\" srcset=\"https:\/\/sinspeb.org.br\/wp-content\/uploads\/2021\/04\/IMG-20210414-WA0035-215x300.jpg 215w, https:\/\/sinspeb.org.br\/wp-content\/uploads\/2021\/04\/IMG-20210414-WA0035-734x1024.jpg 734w, https:\/\/sinspeb.org.br\/wp-content\/uploads\/2021\/04\/IMG-20210414-WA0035-768x1072.jpg 768w, https:\/\/sinspeb.org.br\/wp-content\/uploads\/2021\/04\/IMG-20210414-WA0035-rotated.jpg 917w\" sizes=\"(max-width: 215px) 100vw, 215px\" \/> <img loading=\"lazy\" decoding=\"async\" class=\"alignnone size-medium wp-image-2039\" src=\"http:\/\/sinspeb.org.br\/wp-content\/uploads\/2021\/04\/IMG-20210414-WA0033-224x300.jpg\" alt=\"\" width=\"224\" height=\"300\" srcset=\"https:\/\/sinspeb.org.br\/wp-content\/uploads\/2021\/04\/IMG-20210414-WA0033-224x300.jpg 224w, https:\/\/sinspeb.org.br\/wp-content\/uploads\/2021\/04\/IMG-20210414-WA0033-763x1024.jpg 763w, https:\/\/sinspeb.org.br\/wp-content\/uploads\/2021\/04\/IMG-20210414-WA0033-768x1030.jpg 768w, https:\/\/sinspeb.org.br\/wp-content\/uploads\/2021\/04\/IMG-20210414-WA0033.jpg 954w\" sizes=\"(max-width: 224px) 100vw, 224px\" \/><\/p>\n<p>A Lei n\u00b0 13.869\/19, em seu artigo 33, configura como crime de Abuso de Autoridade a exig\u00eancia de cumprimento de obriga\u00e7\u00e3o, sem expresso amparo legal.<\/p>\n<p>Lembramos que a Diretoria do Sindicato dos Servidores da Pol\u00edcia Penal do Estado da Bahia-SINSPPEB, al\u00e9m de constantemente denunciar nos meios de comunica\u00e7\u00e3o o grave d\u00e9ficit de efetivo de Policiais Penais, tamb\u00e9m j\u00e1 protocolou v\u00e1rios of\u00edcios (n\u00ba 179\/2020, n\u00ba 257\/2020, n\u00ba 028\/2021, e n\u00ba 040\/2021), solicitando reuni\u00e3o com os representantes da Secretaria de Administra\u00e7\u00e3o Penitenci\u00e1ria e Ressocializa\u00e7\u00e3o para tratar deste d\u00e9ficit, como tamb\u00e9m cobrando abertura de concurso p\u00fablico, bem como a continuidade e conclus\u00e3o das etapas classificat\u00f3rias dos candidatos classificados no concurso de 2014 que possuem ordem judicial. Al\u00e9m disso, foi protocolado ontem (14.04.21), um of\u00edcio informando ao Gestor da Unidade sobre a ilegalidade dessa convoca\u00e7\u00e3o e hoje (15.04.21), outro of\u00edcio ao Secret\u00e1rio, Senhor Nestor Duarte, solicitando que o mesmo intervenha neste chamamento arbitr\u00e1rio.<\/p>\n<p>A Diretoria do SINSPPEB j\u00e1 orientou os Policiais Penais do CPFS a protocolarem um documento informando que n\u00e3o t\u00eam interesse em participarem deste servi\u00e7o extraordin\u00e1rio, pois os mesmos est\u00e3o submetidos apenas ao que a Lei autoriza ou determina.<\/p>\n<p>&nbsp;<\/p>\n<p>GEST\u00c3O UFC \u2013 EM DEFESA DO LABOR DIGNO!<\/p>\n<p>&nbsp;<\/p>\n<p>ASCOM \u2013 SINSPPEB<\/p>\n","protected":false},"excerpt":{"rendered":"<p>No dia 13.04.21 (ter\u00e7a-feira), os Policiais Penais do Conjunto Penal de Feira de Santana-CPFS, foram surpreendidos pelo Diretor da Unidade<\/p>\n","protected":false},"author":3,"featured_media":1337,"comment_status":"open","ping_status":"open","sticky":false,"template":"","format":"standard","meta":{"colormag_page_container_layout":"default_layout","colormag_page_sidebar_layout":"default_layout","footnotes":""},"categories":[45,1],"tags":[],"class_list":["post-2033","post","type-post","status-publish","format-standard","has-post-thumbnail","hentry","category-importante","category-noticias"],"_links":{"self":[{"href":"https:\/\/sinspeb.org.br\/index.php?rest_route=\/wp\/v2\/posts\/2033","targetHints":{"allow":["GET"]}}],"collection":[{"href":"https:\/\/sinspeb.org.br\/index.php?rest_route=\/wp\/v2\/posts"}],"about":[{"href":"https:\/\/sinspeb.org.br\/index.php?rest_route=\/wp\/v2\/types\/post"}],"author":[{"embeddable":true,"href":"https:\/\/sinspeb.org.br\/index.php?rest_route=\/wp\/v2\/users\/3"}],"replies":[{"embeddable":true,"href":"https:\/\/sinspeb.org.br\/index.php?rest_route=%2Fwp%2Fv2%2Fcomments&post=2033"}],"version-history":[{"count":5,"href":"https:\/\/sinspeb.org.br\/index.php?rest_route=\/wp\/v2\/posts\/2033\/revisions"}],"predecessor-version":[{"id":2069,"href":"https:\/\/sinspeb.org.br\/index.php?rest_route=\/wp\/v2\/posts\/2033\/revisions\/2069"}],"wp:featuredmedia":[{"embeddable":true,"href":"https:\/\/sinspeb.org.br\/index.php?rest_route=\/wp\/v2\/media\/1337"}],"wp:attachment":[{"href":"https:\/\/sinspeb.org.br\/index.php?rest_route=%2Fwp%2Fv2%2Fmedia&parent=2033"}],"wp:term":[{"taxonomy":"category","embeddable":true,"href":"https:\/\/sinspeb.org.br\/index.php?rest_route=%2Fwp%2Fv2%2Fcategories&post=2033"},{"taxonomy":"post_tag","embeddable":true,"href":"https:\/\/sinspeb.org.br\/index.php?rest_route=%2Fwp%2Fv2%2Ftags&post=2033"}],"curies":[{"name":"wp","href":"https:\/\/api.w.org\/{rel}","templated":true}]}}