{"id":2084,"date":"2021-04-23T09:47:58","date_gmt":"2021-04-23T12:47:58","guid":{"rendered":"http:\/\/sinspeb.org.br\/?p=2084"},"modified":"2021-04-23T09:47:58","modified_gmt":"2021-04-23T12:47:58","slug":"vacina-covid-19","status":"publish","type":"post","link":"https:\/\/sinspeb.org.br\/?p=2084","title":{"rendered":"Vacina COVID-19"},"content":{"rendered":"<p>Senhores e Senhoras Policiais Penais<\/p>\n<p>&nbsp;<\/p>\n<p>Na data de ontem, 20\/04\/2021, ap\u00f3s uma semana de incertezas e falta de informa\u00e7\u00f5es acerca da continuidade do processo de vacina\u00e7\u00e3o dos policiais penais baianos, obtivemos a informa\u00e7\u00e3o do Centro de Opera\u00e7\u00f5es de Emerg\u00eancias em Sa\u00fade P\u00fablica da Prefeitura Municipal de Salvador, de que a nossa categoria foi retirada do grupo priorit\u00e1rio de vacina\u00e7\u00e3o. Que hav\u00edamos sido inclu\u00eddos equivocadamente, pois a nossa categoria estaria inclu\u00edda em fase espec\u00edfica no cronograma de vacina\u00e7\u00e3o estabelecido pelo Minist\u00e9rio da Sa\u00fade, motivo este que levou a supress\u00e3o da categoria dos policiais penais da resolu\u00e7\u00e3o CIB 64\/2021. No dia 19\/04 o presidente do SINSPEB buscou informa\u00e7\u00f5es junto ao Secret\u00e1rio Nestor Duarte, que manifestou desconhecer a motiva\u00e7\u00e3o que levou \u00e0 retirada de nossa categoria do grupo com prioridade de vacina\u00e7\u00e3o, e que iria buscar resolu\u00e7\u00e3o junto \u00e0 secretaria estadual de sa\u00fade.<\/p>\n<p>Dito isso, a diretoria do Sindicato dos Servidores da Pol\u00edcia Penal do Estado da Bahia j\u00e1 havia decidido por orientar aos policiais penais baianos, diante dos casos crescentes de contamina\u00e7\u00e3o dos pelo v\u00edrus do COVID 19, tanto em rela\u00e7\u00e3o aos servidores quanto as pessoas privadas de liberdade, que se abstivessem de realizar toda e qualquer atividade assistencial \u00e0 popula\u00e7\u00e3o Carcer\u00e1ria, que envolvesse contato direito entre os policiais e os presos, at\u00e9 que o governo entendesse a gravidade do caso e a exposi\u00e7\u00e3o a que os servidores est\u00e3o submetidos diariamente. Entenda-se como toda e qualquer atividade assistencial a condu\u00e7\u00e3o de internos para o servi\u00e7o m\u00e9dico &#8211; odontol\u00f3gico, assist\u00eancia social, psicologia, educacional, advogados e videoaudi\u00eancias.<\/p>\n<p>Entendemos como descabidos os crit\u00e9rios adotados pelo governo, priorizando todo corpo t\u00e9cnico assistencial, vacinando-os contra o covid 19, mas deixando de fora os respons\u00e1veis por conduzir os presos at\u00e9 a presen\u00e7a de tais profissionais.<\/p>\n<p>J\u00e1 ontem a noite, o secret\u00e1rio Nestor Duarte ligou para o presidente Reivon Pimentel dando a not\u00edcia de que os policiais penais estariam na programa\u00e7\u00e3o de vacina\u00e7\u00e3o do dia 21\/04. Acompanhando os s\u00edtios eletr\u00f4nicos oficiais da secretaria municipal de Sa\u00fade, verificamos que os policiais penais foram de fato inclu\u00eddos no processo de vacina\u00e7\u00e3o na data de hoje 21\/04\/2021, junto aos demais profissionais integrantes do grupo seguran\u00e7a p\u00fablica e salvamento, motivo pelo qual deixamos de publicizar a referida orienta\u00e7\u00e3o. Por\u00e9m, os policiais penais devem permanecer vigilantes e atentos as orienta\u00e7\u00f5es do SINSPEB caso haja por parte do governo alguma medida que contrarie o processo de imuniza\u00e7\u00e3o desta categoria que exerce uma atividade de car\u00e1ter essencial e que n\u00e3o admite interrup\u00e7\u00e3o. Isso eles precisam compreender!<\/p>\n<p>Agradecemos ao Secret\u00e1rio Nestor Duarte pelo comprometimento e empenho empregado na busca de solucionar a quest\u00e3o, por compreender a import\u00e2ncia que a vacina tem para o desempenho das atividades dos Policiais Penais.<\/p>\n<p>&nbsp;<\/p>\n<p>SSA, 21\/04\/2021.<\/p>\n<p>SINSPEB<\/p>\n","protected":false},"excerpt":{"rendered":"<p>Senhores e Senhoras Policiais Penais &nbsp; Na data de ontem, 20\/04\/2021, ap\u00f3s uma semana de incertezas e falta de informa\u00e7\u00f5es<\/p>\n","protected":false},"author":3,"featured_media":2086,"comment_status":"open","ping_status":"open","sticky":false,"template":"","format":"standard","meta":{"colormag_page_container_layout":"default_layout","colormag_page_sidebar_layout":"default_layout","footnotes":""},"categories":[45,46],"tags":[],"class_list":["post-2084","post","type-post","status-publish","format-standard","has-post-thumbnail","hentry","category-importante","category-plantao-covid-19"],"_links":{"self":[{"href":"https:\/\/sinspeb.org.br\/index.php?rest_route=\/wp\/v2\/posts\/2084","targetHints":{"allow":["GET"]}}],"collection":[{"href":"https:\/\/sinspeb.org.br\/index.php?rest_route=\/wp\/v2\/posts"}],"about":[{"href":"https:\/\/sinspeb.org.br\/index.php?rest_route=\/wp\/v2\/types\/post"}],"author":[{"embeddable":true,"href":"https:\/\/sinspeb.org.br\/index.php?rest_route=\/wp\/v2\/users\/3"}],"replies":[{"embeddable":true,"href":"https:\/\/sinspeb.org.br\/index.php?rest_route=%2Fwp%2Fv2%2Fcomments&post=2084"}],"version-history":[{"count":1,"href":"https:\/\/sinspeb.org.br\/index.php?rest_route=\/wp\/v2\/posts\/2084\/revisions"}],"predecessor-version":[{"id":2085,"href":"https:\/\/sinspeb.org.br\/index.php?rest_route=\/wp\/v2\/posts\/2084\/revisions\/2085"}],"wp:featuredmedia":[{"embeddable":true,"href":"https:\/\/sinspeb.org.br\/index.php?rest_route=\/wp\/v2\/media\/2086"}],"wp:attachment":[{"href":"https:\/\/sinspeb.org.br\/index.php?rest_route=%2Fwp%2Fv2%2Fmedia&parent=2084"}],"wp:term":[{"taxonomy":"category","embeddable":true,"href":"https:\/\/sinspeb.org.br\/index.php?rest_route=%2Fwp%2Fv2%2Fcategories&post=2084"},{"taxonomy":"post_tag","embeddable":true,"href":"https:\/\/sinspeb.org.br\/index.php?rest_route=%2Fwp%2Fv2%2Ftags&post=2084"}],"curies":[{"name":"wp","href":"https:\/\/api.w.org\/{rel}","templated":true}]}}