{"id":2087,"date":"2021-04-23T17:14:49","date_gmt":"2021-04-23T20:14:49","guid":{"rendered":"http:\/\/sinspeb.org.br\/?p=2087"},"modified":"2021-04-23T17:17:22","modified_gmt":"2021-04-23T20:17:22","slug":"convocacao-para-assembleia-geral-extraordinaria-no-conjunto-penal-de-jequie","status":"publish","type":"post","link":"https:\/\/sinspeb.org.br\/?p=2087","title":{"rendered":"CONVOCA\u00c7\u00c3O PARA ASSEMBLEIA GERAL EXTRAORDIN\u00c1RIA NO CONJUNTO PENAL DE JEQUI\u00c9"},"content":{"rendered":"<p>SERVIDORES PENITENCI\u00c1RIOS DO CONJUNTO PENAL DE JEQUI\u00c9-CPJ, REALIZAR\u00c3O ASSEMBLEIA GERAL EXTRAORDIN\u00c1RIA NO DIA 26.04.21 (SEGUNDA-FEIRA), PARA DISCUTIR E DELIBERAR SOBRE PARALISA\u00c7\u00c3O, CASO N\u00c3O SEJA AUTORIZADA A VACINA\u00c7\u00c3O CONTRA A COVID-19 PARA TODOS OS QUE S\u00c3O LOTADOS NO CPJ.<\/p>\n<p><img fetchpriority=\"high\" decoding=\"async\" class=\"alignnone size-medium wp-image-2088\" src=\"http:\/\/sinspeb.org.br\/wp-content\/uploads\/2021\/04\/Cartaz-da-Assembleia-do-dia-26.04.21-CPJ--212x300.png\" alt=\"\" width=\"212\" height=\"300\" \/><\/p>\n<p>&nbsp;<\/p>\n<p>ASCOM &#8211; SINSPPEB<\/p>\n","protected":false},"excerpt":{"rendered":"<p>SERVIDORES PENITENCI\u00c1RIOS DO CONJUNTO PENAL DE JEQUI\u00c9-CPJ, REALIZAR\u00c3O ASSEMBLEIA GERAL EXTRAORDIN\u00c1RIA NO DIA 26.04.21 (SEGUNDA-FEIRA), PARA DISCUTIR E DELIBERAR SOBRE<\/p>\n","protected":false},"author":3,"featured_media":2088,"comment_status":"open","ping_status":"open","sticky":false,"template":"","format":"standard","meta":{"colormag_page_container_layout":"default_layout","colormag_page_sidebar_layout":"default_layout","footnotes":""},"categories":[45,1],"tags":[],"class_list":["post-2087","post","type-post","status-publish","format-standard","has-post-thumbnail","hentry","category-importante","category-noticias"],"_links":{"self":[{"href":"https:\/\/sinspeb.org.br\/index.php?rest_route=\/wp\/v2\/posts\/2087","targetHints":{"allow":["GET"]}}],"collection":[{"href":"https:\/\/sinspeb.org.br\/index.php?rest_route=\/wp\/v2\/posts"}],"about":[{"href":"https:\/\/sinspeb.org.br\/index.php?rest_route=\/wp\/v2\/types\/post"}],"author":[{"embeddable":true,"href":"https:\/\/sinspeb.org.br\/index.php?rest_route=\/wp\/v2\/users\/3"}],"replies":[{"embeddable":true,"href":"https:\/\/sinspeb.org.br\/index.php?rest_route=%2Fwp%2Fv2%2Fcomments&post=2087"}],"version-history":[{"count":1,"href":"https:\/\/sinspeb.org.br\/index.php?rest_route=\/wp\/v2\/posts\/2087\/revisions"}],"predecessor-version":[{"id":2089,"href":"https:\/\/sinspeb.org.br\/index.php?rest_route=\/wp\/v2\/posts\/2087\/revisions\/2089"}],"wp:featuredmedia":[{"embeddable":true,"href":"https:\/\/sinspeb.org.br\/index.php?rest_route=\/wp\/v2\/media\/2088"}],"wp:attachment":[{"href":"https:\/\/sinspeb.org.br\/index.php?rest_route=%2Fwp%2Fv2%2Fmedia&parent=2087"}],"wp:term":[{"taxonomy":"category","embeddable":true,"href":"https:\/\/sinspeb.org.br\/index.php?rest_route=%2Fwp%2Fv2%2Fcategories&post=2087"},{"taxonomy":"post_tag","embeddable":true,"href":"https:\/\/sinspeb.org.br\/index.php?rest_route=%2Fwp%2Fv2%2Ftags&post=2087"}],"curies":[{"name":"wp","href":"https:\/\/api.w.org\/{rel}","templated":true}]}}