{"id":2090,"date":"2021-04-23T19:53:21","date_gmt":"2021-04-23T22:53:21","guid":{"rendered":"http:\/\/sinspeb.org.br\/?p=2090"},"modified":"2021-04-23T19:53:21","modified_gmt":"2021-04-23T22:53:21","slug":"servidores-do-cpj-ameacam-paralisar-atividades-se-nao-forem-imunizados-contra-a-covid-19","status":"publish","type":"post","link":"https:\/\/sinspeb.org.br\/?p=2090","title":{"rendered":"SERVIDORES DO CPJ AMEA\u00c7AM PARALISAR ATIVIDADES SE N\u00c3O FOREM IMUNIZADOS CONTRA A COVID-19"},"content":{"rendered":"<p>A despeito de em Salvador e em algumas cidades do interior como Feira de Santana, Paulo Afonso, Teixeira de Freitas e Vit\u00f3ria da Conquista as Secretarias Municipais de Sa\u00fade j\u00e1 terem iniciado o processo de imuniza\u00e7\u00e3o contra a COVID-19 para os Policiais Penais da faixa et\u00e1ria de 50 (cinquenta) anos ou mais e de 45 (quarenta e cinco) ou mais; no Conjunto Penal de Jequi\u00e9-CPJ, a realidade \u00e9 bem diferente, pois l\u00e1 ainda sequer come\u00e7ou a vacina\u00e7\u00e3o.<\/p>\n<p>Fato importante \u00e9 que a Resolu\u00e7\u00e3o N\u00b0055\/2021 da Comiss\u00e3o Intergestores Bipartite da Bahia-CIB, j\u00e1 havia inclu\u00eddo os Policiais Penais no rol de prioridade para a imuniza\u00e7\u00e3o. No entanto, posteriormente a Resolu\u00e7\u00e3o 064\/2021 da CIB excluiu os Policiais Penais deste rol, trazendo um enorme desconforto para toda a categoria. Resolvido o caso de inclus\u00e3o, atualmente os Servidores Penitenci\u00e1rios est\u00e3o sendo vacinados, exceto os do CPJ.<\/p>\n<p>Diante desta lament\u00e1vel situa\u00e7\u00e3o, ser\u00e1 realizada uma Assembleia Geral Extraordin\u00e1ria no dia 26.04.21 (segunda-feira), no CPJ para discutir e deliberar sobre paralisa\u00e7\u00e3o, caso n\u00e3o seja autorizada a vacina\u00e7\u00e3o.<\/p>\n<p>Vale salientar, que o Sindicato dos Servidores da Pol\u00edcia Penal do Estado da Bahia-SINSPPEB, j\u00e1 havia solicitado por meio de of\u00edcios (n\u00ba092, n\u00ba093 e n\u00ba094), desde o dia 23.03.21, ao Governador, Senhor Rui Costa, ao Secret\u00e1rio de Administra\u00e7\u00e3o Penitenci\u00e1ria e Ressocializa\u00e7\u00e3o, Senhor Nestor Duarte e tamb\u00e9m ao Secret\u00e1rio de Rela\u00e7\u00f5es Institucionais, Senhor Jonival Lucas a vacina\u00e7\u00e3o imediata dos Policiais Penais contra a COVID-19. Fomos atendidos em parte, pois agora esperamos que os colegas de Jequi\u00e9 sejam tamb\u00e9m priorizados.<\/p>\n<p>ASCOM-SINSPEPB<\/p>\n","protected":false},"excerpt":{"rendered":"<p>A despeito de em Salvador e em algumas cidades do interior como Feira de Santana, Paulo Afonso, Teixeira de Freitas<\/p>\n","protected":false},"author":3,"featured_media":2091,"comment_status":"open","ping_status":"open","sticky":false,"template":"","format":"standard","meta":{"colormag_page_container_layout":"default_layout","colormag_page_sidebar_layout":"default_layout","footnotes":""},"categories":[45,1],"tags":[],"class_list":["post-2090","post","type-post","status-publish","format-standard","has-post-thumbnail","hentry","category-importante","category-noticias"],"_links":{"self":[{"href":"https:\/\/sinspeb.org.br\/index.php?rest_route=\/wp\/v2\/posts\/2090","targetHints":{"allow":["GET"]}}],"collection":[{"href":"https:\/\/sinspeb.org.br\/index.php?rest_route=\/wp\/v2\/posts"}],"about":[{"href":"https:\/\/sinspeb.org.br\/index.php?rest_route=\/wp\/v2\/types\/post"}],"author":[{"embeddable":true,"href":"https:\/\/sinspeb.org.br\/index.php?rest_route=\/wp\/v2\/users\/3"}],"replies":[{"embeddable":true,"href":"https:\/\/sinspeb.org.br\/index.php?rest_route=%2Fwp%2Fv2%2Fcomments&post=2090"}],"version-history":[{"count":1,"href":"https:\/\/sinspeb.org.br\/index.php?rest_route=\/wp\/v2\/posts\/2090\/revisions"}],"predecessor-version":[{"id":2092,"href":"https:\/\/sinspeb.org.br\/index.php?rest_route=\/wp\/v2\/posts\/2090\/revisions\/2092"}],"wp:featuredmedia":[{"embeddable":true,"href":"https:\/\/sinspeb.org.br\/index.php?rest_route=\/wp\/v2\/media\/2091"}],"wp:attachment":[{"href":"https:\/\/sinspeb.org.br\/index.php?rest_route=%2Fwp%2Fv2%2Fmedia&parent=2090"}],"wp:term":[{"taxonomy":"category","embeddable":true,"href":"https:\/\/sinspeb.org.br\/index.php?rest_route=%2Fwp%2Fv2%2Fcategories&post=2090"},{"taxonomy":"post_tag","embeddable":true,"href":"https:\/\/sinspeb.org.br\/index.php?rest_route=%2Fwp%2Fv2%2Ftags&post=2090"}],"curies":[{"name":"wp","href":"https:\/\/api.w.org\/{rel}","templated":true}]}}